{"id":11652,"date":"2023-08-03T14:58:40","date_gmt":"2023-08-03T17:58:40","guid":{"rendered":"https:\/\/www.confere.org.br\/wordpress\/?p=11652"},"modified":"2023-08-03T14:58:41","modified_gmt":"2023-08-03T17:58:41","slug":"core-rj-firma-novos-credenciamentos-visando-beneficios-aos-representantes-comerciais","status":"publish","type":"post","link":"https:\/\/www.confere.org.br\/wordpress\/core-rj-firma-novos-credenciamentos-visando-beneficios-aos-representantes-comerciais\/","title":{"rendered":"Core-RJ firma novos credenciamentos visando benef\u00edcios aos representantes comerciais"},"content":{"rendered":"\n<p>Quatro novas parcerias foram firmadas pelo presidente do Core-RJ, <strong>Marcelo Martino e Silva, <\/strong>e chegam para compor o <strong>PROGRAMA DE BENEF\u00cdCIOS AO REPRESENTANTE COMERCIAL NO ESTADO DO RIO DE JANEIRO<\/strong>, que tem por objetivo disponibilizar servi\u00e7os e bens com descontos reais e diferenciados para a categoria de representa\u00e7\u00e3o comercial do Estado.<\/p>\n<p>Na manh\u00e3 desta quinta-feira, 03 de agosto, foram convidadas as empresas para apresenta\u00e7\u00e3o de tratativas e assinaturas dos credenciamentos e representantes de empresas de diversos segmentos, que destacaram o funcionamento do Conselho, desde o setor da Recep\u00e7\u00e3o e Atendimento at\u00e9 a Presid\u00eancia.<\/p>\n<p>No ato da assinatura, o presidente do Core-RJ<strong>\u00a0<\/strong>destacou a busca da nova gest\u00e3o em buscar benef\u00edcios aos profissionais inscritos e, ainda, que os contratos ser\u00e3o realizados diretamente entre as empresas credenciadas e os profissionais habilitados com situa\u00e7\u00e3o regular no Core-RJ, mediante apresenta\u00e7\u00e3o da identidade profissional digital (ProID) atualizada. &#8220;Nosso lema \u00e9: Representante Comercial, valorizar e qualificar voc\u00ea, visando a promo\u00e7\u00e3o do desenvolvimento socioecon\u00f4mico do Estado do Rio de Janeiro \u00e9 o nosso compromisso&#8221;, frisou Marcelo Martino.<\/p>\n<p>Entre os rec\u00e9m credenciados, est\u00e3o propostas de seguradoras relativos a plano de sa\u00fade, seguro de vida, institui\u00e7\u00f5es de ensino e cooperativas de cr\u00e9ditos, conforme lista abaixo:<\/p>\n<ul>\n<li><strong>HD+ Corretora de Seguros e Planejamento Ltda<\/strong><strong>: <\/strong>100% na primeira fatura dentre outros;<\/li>\n<li><strong>NOVA VIRIATO CORRETORA DE SEGUROS<\/strong><strong>: <\/strong>100% &#8211; Reembolso integral da primeira parcela diretamente ao contratante;<\/li>\n<li><strong>COOPERATIVA DE CR\u00c9DITO DE LIVE ADMISS\u00c3O DA ZONA DA MATA LTDA: <\/strong>20% aos itens da tabela;<\/li>\n<li><strong>CONFIDENCE V3 CORRETORA DE SEGUROS LTDA: <\/strong>Cashback de 100% dentre outros;<\/li>\n<\/ul>\n<p><strong><u>Aproveite os benef\u00edcios e fa\u00e7a bons neg\u00f3cios!<\/u><\/strong><\/p>\n<p>Alguns conv\u00eanios se estendem aos dependentes legais e aos funcion\u00e1rios do Conselho e j\u00e1 podem ser conferidos na p\u00e1gina do <strong>PROGRAMA DE BENEF\u00cdCIOS AO REPRESENTANTE COMERCIAL NO ESTADO DO RIO DE JANEIRO<\/strong> , no <a href=\"https:\/\/www.core-rj.org.br\/\">site do Core-RJ.<\/a><\/p>\n<p>Mais informa\u00e7\u00f5es podem ser consultadas no site do <a href=\"https:\/\/www.core-rj.org.br\/\">Core-RJ <\/a>, atrav\u00e9s do e-mail: <a href=\"mailto:core-rj@core-rj.org.br\">core-rj@core-rj.org.br<\/a>, ou pelo telefone do Regional: (<strong>21) 2240-7105.<\/strong><\/p>\n<p>Fonte: Core-RJ<\/p>\n","protected":false},"excerpt":{"rendered":"<p>Os credenciamentos fazem parte do Programa de Benef\u00edcios&#8221;, no qual \u00e9 oferecido aos representantes comerciais do Estado do Rio, com registro ativo e regular no Conselho, descontos especiais em empresas e servi\u00e7os cadastrados.<\/p>\n","protected":false},"author":3,"featured_media":11653,"comment_status":"closed","ping_status":"closed","sticky":false,"template":"","format":"standard","meta":[],"categories":[34,49,17],"tags":[],"_links":{"self":[{"href":"https:\/\/www.confere.org.br\/wordpress\/wp-json\/wp\/v2\/posts\/11652"}],"collection":[{"href":"https:\/\/www.confere.org.br\/wordpress\/wp-json\/wp\/v2\/posts"}],"about":[{"href":"https:\/\/www.confere.org.br\/wordpress\/wp-json\/wp\/v2\/types\/post"}],"author":[{"embeddable":true,"href":"https:\/\/www.confere.org.br\/wordpress\/wp-json\/wp\/v2\/users\/3"}],"replies":[{"embeddable":true,"href":"https:\/\/www.confere.org.br\/wordpress\/wp-json\/wp\/v2\/comments?post=11652"}],"version-history":[{"count":1,"href":"https:\/\/www.confere.org.br\/wordpress\/wp-json\/wp\/v2\/posts\/11652\/revisions"}],"predecessor-version":[{"id":11654,"href":"https:\/\/www.confere.org.br\/wordpress\/wp-json\/wp\/v2\/posts\/11652\/revisions\/11654"}],"wp:featuredmedia":[{"embeddable":true,"href":"https:\/\/www.confere.org.br\/wordpress\/wp-json\/wp\/v2\/media\/11653"}],"wp:attachment":[{"href":"https:\/\/www.confere.org.br\/wordpress\/wp-json\/wp\/v2\/media?parent=11652"}],"wp:term":[{"taxonomy":"category","embeddable":true,"href":"https:\/\/www.confere.org.br\/wordpress\/wp-json\/wp\/v2\/categories?post=11652"},{"taxonomy":"post_tag","embeddable":true,"href":"https:\/\/www.confere.org.br\/wordpress\/wp-json\/wp\/v2\/tags?post=11652"}],"curies":[{"name":"wp","href":"https:\/\/api.w.org\/{rel}","templated":true}]}}