{"id":11707,"date":"2023-08-11T14:16:36","date_gmt":"2023-08-11T17:16:36","guid":{"rendered":"https:\/\/www.confere.org.br\/wordpress\/?p=11707"},"modified":"2023-08-11T14:20:28","modified_gmt":"2023-08-11T17:20:28","slug":"core-am-itinerante","status":"publish","type":"post","link":"https:\/\/www.confere.org.br\/wordpress\/core-am-itinerante\/","title":{"rendered":"Core-AM Itinerante"},"content":{"rendered":"\n<p>Aten\u00e7\u00e3o Representantes Comerciais!<br>O Core-Amazonas est\u00e1 chegando em Boa Vista com a primeira edi\u00e7\u00e3o do Core Itinerante.<br>De 21 a 25 de agosto, com atendimento presencial, das 9h \u00e0s 17h, na sede da Fecom\u00e9rcio, na rua General Penha Brasil, 1423, em S\u00e3o Francisco.<br>Uma \u00f3tima oportunidade para os representantes comerciais fazerem abertura e baixa de registro, parcelamento, obter carteira profissional, certid\u00e3o de registro, al\u00e9m de atendimento jur\u00eddico \u00e0 disposi\u00e7\u00e3o.<br>N\u00e3o perca essa oportunidade!<br>Acesse core-am.org.br ou entre em contato pelo WhatsApp (92) 9 9997-0842<\/p>\n\n\n\n<figure class=\"wp-block-image size-large is-resized\"><img src=\"https:\/\/www.confere.org.br\/wordpress\/wp-content\/uploads\/2023\/08\/WhatsApp-Image-2023-08-11-at-13.34.10-1024x1024.jpeg\" alt=\"\" class=\"wp-image-11708\" width=\"578\" height=\"578\" srcset=\"https:\/\/www.confere.org.br\/wordpress\/wp-content\/uploads\/2023\/08\/WhatsApp-Image-2023-08-11-at-13.34.10-1024x1024.jpeg 1024w, https:\/\/www.confere.org.br\/wordpress\/wp-content\/uploads\/2023\/08\/WhatsApp-Image-2023-08-11-at-13.34.10-300x300.jpeg 300w, https:\/\/www.confere.org.br\/wordpress\/wp-content\/uploads\/2023\/08\/WhatsApp-Image-2023-08-11-at-13.34.10-150x150.jpeg 150w, https:\/\/www.confere.org.br\/wordpress\/wp-content\/uploads\/2023\/08\/WhatsApp-Image-2023-08-11-at-13.34.10-768x768.jpeg 768w, https:\/\/www.confere.org.br\/wordpress\/wp-content\/uploads\/2023\/08\/WhatsApp-Image-2023-08-11-at-13.34.10-1536x1536.jpeg 1536w, https:\/\/www.confere.org.br\/wordpress\/wp-content\/uploads\/2023\/08\/WhatsApp-Image-2023-08-11-at-13.34.10-1568x1568.jpeg 1568w, https:\/\/www.confere.org.br\/wordpress\/wp-content\/uploads\/2023\/08\/WhatsApp-Image-2023-08-11-at-13.34.10.jpeg 1600w\" sizes=\"(max-width: 578px) 100vw, 578px\" \/><\/figure>\n","protected":false},"excerpt":{"rendered":"<p>1\u00aa edi\u00e7\u00e3o do projeto ser\u00e1 em Boa Vista-RR<\/p>\n","protected":false},"author":3,"featured_media":11710,"comment_status":"closed","ping_status":"closed","sticky":false,"template":"","format":"standard","meta":[],"categories":[34,49,17],"tags":[],"_links":{"self":[{"href":"https:\/\/www.confere.org.br\/wordpress\/wp-json\/wp\/v2\/posts\/11707"}],"collection":[{"href":"https:\/\/www.confere.org.br\/wordpress\/wp-json\/wp\/v2\/posts"}],"about":[{"href":"https:\/\/www.confere.org.br\/wordpress\/wp-json\/wp\/v2\/types\/post"}],"author":[{"embeddable":true,"href":"https:\/\/www.confere.org.br\/wordpress\/wp-json\/wp\/v2\/users\/3"}],"replies":[{"embeddable":true,"href":"https:\/\/www.confere.org.br\/wordpress\/wp-json\/wp\/v2\/comments?post=11707"}],"version-history":[{"count":1,"href":"https:\/\/www.confere.org.br\/wordpress\/wp-json\/wp\/v2\/posts\/11707\/revisions"}],"predecessor-version":[{"id":11709,"href":"https:\/\/www.confere.org.br\/wordpress\/wp-json\/wp\/v2\/posts\/11707\/revisions\/11709"}],"wp:featuredmedia":[{"embeddable":true,"href":"https:\/\/www.confere.org.br\/wordpress\/wp-json\/wp\/v2\/media\/11710"}],"wp:attachment":[{"href":"https:\/\/www.confere.org.br\/wordpress\/wp-json\/wp\/v2\/media?parent=11707"}],"wp:term":[{"taxonomy":"category","embeddable":true,"href":"https:\/\/www.confere.org.br\/wordpress\/wp-json\/wp\/v2\/categories?post=11707"},{"taxonomy":"post_tag","embeddable":true,"href":"https:\/\/www.confere.org.br\/wordpress\/wp-json\/wp\/v2\/tags?post=11707"}],"curies":[{"name":"wp","href":"https:\/\/api.w.org\/{rel}","templated":true}]}}