{"id":11722,"date":"2023-08-15T09:06:26","date_gmt":"2023-08-15T12:06:26","guid":{"rendered":"https:\/\/www.confere.org.br\/wordpress\/?p=11722"},"modified":"2023-09-01T15:27:42","modified_gmt":"2023-09-01T18:27:42","slug":"dispensa-eletronica-no-027-2023-aquisicao-de-roteador","status":"publish","type":"post","link":"https:\/\/www.confere.org.br\/wordpress\/dispensa-eletronica-no-027-2023-aquisicao-de-roteador\/","title":{"rendered":"Dispensa Eletr\u00f4nica n\u00ba 027\/2023 &#8211; Aquisi\u00e7\u00e3o de Roteador"},"content":{"rendered":"\n<ul><li><a rel=\"noreferrer noopener\" href=\"https:\/\/www.confere.org.br\/wordpress\/wp-content\/uploads\/2023\/08\/SEI_0000812_Termo_de_Referencia___Aquisicao_de_material.pdf\" target=\"_blank\">Termo de Refer\u00eancia<\/a><\/li><li>Link PNCP:\u00a0<a rel=\"noreferrer noopener\" href=\"https:\/\/pncp.gov.br\/app\/editais\/34046367000168\/2023\/36\" target=\"_blank\">https:\/\/pncp.gov.br\/app\/editais\/34046367000168\/2023\/36Portal Nacional de Contrata\u00e7\u00f5es P\u00fablicas &#8211; PNCP<\/a><\/li><li><a rel=\"noreferrer noopener\" href=\"https:\/\/www.confere.org.br\/wordpress\/wp-content\/uploads\/2023\/08\/Despacho-Ordenador-de-Despesa.pdf\" target=\"_blank\">Autoriza\u00e7\u00e3o do Ordenador de Despesa<\/a><\/li><li>Data da sess\u00e3o: 15\/08\/2023<\/li><li>23\/08\/2023 &#8211; <a href=\"https:\/\/www.confere.org.br\/wordpress\/wp-content\/uploads\/2023\/09\/relatorio-dispensa-38904706000272023.pdf\">RELAT\u00d3RIO\u00a0HOMOLOGADO<\/a><\/li><\/ul>\n\n\n","protected":false},"excerpt":{"rendered":"<p>Termo de Refer\u00eancia Link PNCP:\u00a0https:\/\/pncp.gov.br\/app\/editais\/34046367000168\/2023\/36Portal Nacional de Contrata\u00e7\u00f5es P\u00fablicas &#8211; PNCP Autoriza\u00e7\u00e3o do Ordenador de Despesa Data da sess\u00e3o: 15\/08\/2023 23\/08\/2023 &#8211; RELAT\u00d3RIO\u00a0HOMOLOGADO<\/p>\n","protected":false},"author":3,"featured_media":0,"comment_status":"closed","ping_status":"closed","sticky":false,"template":"","format":"standard","meta":[],"categories":[60],"tags":[],"_links":{"self":[{"href":"https:\/\/www.confere.org.br\/wordpress\/wp-json\/wp\/v2\/posts\/11722"}],"collection":[{"href":"https:\/\/www.confere.org.br\/wordpress\/wp-json\/wp\/v2\/posts"}],"about":[{"href":"https:\/\/www.confere.org.br\/wordpress\/wp-json\/wp\/v2\/types\/post"}],"author":[{"embeddable":true,"href":"https:\/\/www.confere.org.br\/wordpress\/wp-json\/wp\/v2\/users\/3"}],"replies":[{"embeddable":true,"href":"https:\/\/www.confere.org.br\/wordpress\/wp-json\/wp\/v2\/comments?post=11722"}],"version-history":[{"count":2,"href":"https:\/\/www.confere.org.br\/wordpress\/wp-json\/wp\/v2\/posts\/11722\/revisions"}],"predecessor-version":[{"id":11856,"href":"https:\/\/www.confere.org.br\/wordpress\/wp-json\/wp\/v2\/posts\/11722\/revisions\/11856"}],"wp:attachment":[{"href":"https:\/\/www.confere.org.br\/wordpress\/wp-json\/wp\/v2\/media?parent=11722"}],"wp:term":[{"taxonomy":"category","embeddable":true,"href":"https:\/\/www.confere.org.br\/wordpress\/wp-json\/wp\/v2\/categories?post=11722"},{"taxonomy":"post_tag","embeddable":true,"href":"https:\/\/www.confere.org.br\/wordpress\/wp-json\/wp\/v2\/tags?post=11722"}],"curies":[{"name":"wp","href":"https:\/\/api.w.org\/{rel}","templated":true}]}}