{"id":1179,"date":"2019-11-14T13:27:46","date_gmt":"2019-11-14T16:27:46","guid":{"rendered":"http:\/\/www.confere.org.br\/wordpress\/?p=1179"},"modified":"2021-02-09T12:15:34","modified_gmt":"2021-02-09T14:15:34","slug":"pregao-eletronico-no-01-2019-contratacao-dos-servicos-tecnicos-especializados-para-planejamento-organizacao-divulgacao-e-execucao-de-concurso-publico","status":"publish","type":"post","link":"https:\/\/www.confere.org.br\/wordpress\/pregao-eletronico-no-01-2019-contratacao-dos-servicos-tecnicos-especializados-para-planejamento-organizacao-divulgacao-e-execucao-de-concurso-publico\/","title":{"rendered":"Processo de Licita\u00e7\u00e3o n\u00ba 027\/2018 &#8211; Contrata\u00e7\u00e3o dos servi\u00e7os t\u00e9cnicos especializados para planejamento, organiza\u00e7\u00e3o, divulga\u00e7\u00e3o e execu\u00e7\u00e3o de Concurso P\u00fablico"},"content":{"rendered":"\r\n<p>06\/12\/2018 &#8211; <a href=\"https:\/\/www.confere.org.br\/PDF\/LICITACOES_2019\/EDITAL%20CONCURSO%20CONFERE%20TIMBRADO.pdf\">Instrumento Convocat\u00f3rio &#8211; n\u00ba 01\/2019<\/a><\/p>\r\n<p>24\/01\/2019 &#8211; <a href=\"https:\/\/www.confere.org.br\/wordpress\/wp-content\/uploads\/2021\/02\/TERMO-DE-ADJUDICACAO-PREGAO-N-01.pdf\" target=\"_blank\" rel=\"noopener noreferrer\">Termo de Adjudica\u00e7\u00e3o<\/a><\/p>\r\n<p>13\/02\/2019 &#8211; <a href=\"https:\/\/www.confere.org.br\/wordpress\/wp-content\/uploads\/2021\/02\/TERMO-DE-HOMOLOGACAO-PREGAO-N-01.pdf\" target=\"_blank\" rel=\"noopener noreferrer\">Termo de Homologa\u00e7\u00e3o<\/a><\/p>\r\n","protected":false},"excerpt":{"rendered":"<p>06\/12\/2018 &#8211; Instrumento Convocat\u00f3rio &#8211; n\u00ba 01\/2019 24\/01\/2019 &#8211; Termo de Adjudica\u00e7\u00e3o 13\/02\/2019 &#8211; Termo de Homologa\u00e7\u00e3o<\/p>\n","protected":false},"author":1,"featured_media":0,"comment_status":"closed","ping_status":"closed","sticky":false,"template":"","format":"standard","meta":[],"categories":[32],"tags":[],"_links":{"self":[{"href":"https:\/\/www.confere.org.br\/wordpress\/wp-json\/wp\/v2\/posts\/1179"}],"collection":[{"href":"https:\/\/www.confere.org.br\/wordpress\/wp-json\/wp\/v2\/posts"}],"about":[{"href":"https:\/\/www.confere.org.br\/wordpress\/wp-json\/wp\/v2\/types\/post"}],"author":[{"embeddable":true,"href":"https:\/\/www.confere.org.br\/wordpress\/wp-json\/wp\/v2\/users\/1"}],"replies":[{"embeddable":true,"href":"https:\/\/www.confere.org.br\/wordpress\/wp-json\/wp\/v2\/comments?post=1179"}],"version-history":[{"count":4,"href":"https:\/\/www.confere.org.br\/wordpress\/wp-json\/wp\/v2\/posts\/1179\/revisions"}],"predecessor-version":[{"id":4225,"href":"https:\/\/www.confere.org.br\/wordpress\/wp-json\/wp\/v2\/posts\/1179\/revisions\/4225"}],"wp:attachment":[{"href":"https:\/\/www.confere.org.br\/wordpress\/wp-json\/wp\/v2\/media?parent=1179"}],"wp:term":[{"taxonomy":"category","embeddable":true,"href":"https:\/\/www.confere.org.br\/wordpress\/wp-json\/wp\/v2\/categories?post=1179"},{"taxonomy":"post_tag","embeddable":true,"href":"https:\/\/www.confere.org.br\/wordpress\/wp-json\/wp\/v2\/tags?post=1179"}],"curies":[{"name":"wp","href":"https:\/\/api.w.org\/{rel}","templated":true}]}}