{"id":11819,"date":"2023-08-28T11:33:03","date_gmt":"2023-08-28T14:33:03","guid":{"rendered":"https:\/\/www.confere.org.br\/wordpress\/?p=11819"},"modified":"2024-06-13T14:46:29","modified_gmt":"2024-06-13T17:46:29","slug":"dispensa-eletronica-no-028-2023-contratacao-de-manutencao-veicular-preventiva-para-o-veiculo-corolla","status":"publish","type":"post","link":"https:\/\/www.confere.org.br\/wordpress\/dispensa-eletronica-no-028-2023-contratacao-de-manutencao-veicular-preventiva-para-o-veiculo-corolla\/","title":{"rendered":"Dispensa Eletr\u00f4nica n\u00ba 028\/2023 &#8211; Contrata\u00e7\u00e3o de manuten\u00e7\u00e3o veicular preventiva para o ve\u00edculo Corolla"},"content":{"rendered":"\n<ul><li><a rel=\"noreferrer noopener\" href=\"https:\/\/www.confere.org.br\/wordpress\/wp-content\/uploads\/2023\/08\/TR_SERVICOS___pneus_assinado_assinado__1_.pdf\" target=\"_blank\">Termo de Refer\u00eancia<\/a><\/li><li>Link PNCP:\u00a0<a rel=\"noreferrer noopener\" href=\"https:\/\/pncp.gov.br\/app\/editais\/34046367000168\/2023\/38\" target=\"_blank\">https:\/\/pncp.gov.br\/app\/editais\/34046367000168\/2023\/38<\/a><\/li><li><a rel=\"noreferrer noopener\" href=\"https:\/\/www.confere.org.br\/wordpress\/wp-content\/uploads\/2023\/08\/DESPACHO_TR_MANUTENCAO_VEICULO_assinado_editado.pdf\" target=\"_blank\">Autoriza\u00e7\u00e3o do Ordenador de Despesa<\/a><\/li><li>Data da sess\u00e3o: 31\/08\/2023<\/li><li>08\/09\/2023\u00a0&#8211; <a href=\"https:\/\/www.confere.org.br\/wordpress\/wp-content\/uploads\/2024\/06\/relatorio-Dispensa-Eletronica-no-028.2023-Contratacao-de-manutencao-veicular-preventiva-para-o-veiculo-Corolla.pdf\">RELAT\u00d3RIO HOMOLOGADO<\/a><\/li><\/ul>\n\n\n","protected":false},"excerpt":{"rendered":"<p>Termo de Refer\u00eancia Link PNCP:\u00a0https:\/\/pncp.gov.br\/app\/editais\/34046367000168\/2023\/38 Autoriza\u00e7\u00e3o do Ordenador de Despesa Data da sess\u00e3o: 31\/08\/2023 08\/09\/2023\u00a0&#8211; RELAT\u00d3RIO HOMOLOGADO<\/p>\n","protected":false},"author":3,"featured_media":0,"comment_status":"closed","ping_status":"closed","sticky":false,"template":"","format":"standard","meta":[],"categories":[60],"tags":[],"_links":{"self":[{"href":"https:\/\/www.confere.org.br\/wordpress\/wp-json\/wp\/v2\/posts\/11819"}],"collection":[{"href":"https:\/\/www.confere.org.br\/wordpress\/wp-json\/wp\/v2\/posts"}],"about":[{"href":"https:\/\/www.confere.org.br\/wordpress\/wp-json\/wp\/v2\/types\/post"}],"author":[{"embeddable":true,"href":"https:\/\/www.confere.org.br\/wordpress\/wp-json\/wp\/v2\/users\/3"}],"replies":[{"embeddable":true,"href":"https:\/\/www.confere.org.br\/wordpress\/wp-json\/wp\/v2\/comments?post=11819"}],"version-history":[{"count":2,"href":"https:\/\/www.confere.org.br\/wordpress\/wp-json\/wp\/v2\/posts\/11819\/revisions"}],"predecessor-version":[{"id":13714,"href":"https:\/\/www.confere.org.br\/wordpress\/wp-json\/wp\/v2\/posts\/11819\/revisions\/13714"}],"wp:attachment":[{"href":"https:\/\/www.confere.org.br\/wordpress\/wp-json\/wp\/v2\/media?parent=11819"}],"wp:term":[{"taxonomy":"category","embeddable":true,"href":"https:\/\/www.confere.org.br\/wordpress\/wp-json\/wp\/v2\/categories?post=11819"},{"taxonomy":"post_tag","embeddable":true,"href":"https:\/\/www.confere.org.br\/wordpress\/wp-json\/wp\/v2\/tags?post=11819"}],"curies":[{"name":"wp","href":"https:\/\/api.w.org\/{rel}","templated":true}]}}