{"id":1187,"date":"2019-09-19T13:51:55","date_gmt":"2019-09-19T16:51:55","guid":{"rendered":"http:\/\/www.confere.org.br\/wordpress\/?p=1187"},"modified":"2019-11-14T14:54:08","modified_gmt":"2019-11-14T17:54:08","slug":"sistema-confere-cores-em-continua-defesa-dos-direitos-dos-representantes-comerciais","status":"publish","type":"post","link":"https:\/\/www.confere.org.br\/wordpress\/sistema-confere-cores-em-continua-defesa-dos-direitos-dos-representantes-comerciais\/","title":{"rendered":"Sistema Confere\/Cores em cont\u00ednua defesa dos direitos dos representantes comerciais"},"content":{"rendered":"\n<p>Para garantir a manuten\u00e7\u00e3o dos direitos dos representantes\ncomerciais, o diretor-presidente do Confere, Manoel Affonso Mendes, esteve em\nBras\u00edlia, no dia 18 de setembro, em reuni\u00e3o com os assessores, do deputado\nAlexis Fonteyne (Novo-SP).<\/p>\n\n\n\n<p>Na mesma data, Manoel Affonso Mendes e o diretor-presidente\ndo Core-BA, Herval D\u00f3rea da Silva, reuniram-se com o deputado Z\u00e9 Neto (PT-BA),\npara debater assuntos de interesse da categoria.<\/p>\n\n\n\n<figure class=\"wp-block-image\"><img width=\"1024\" height=\"678\" src=\"https:\/\/www.confere.org.br\/wordpress\/wp-content\/uploads\/2019\/11\/DSC9389-1024x678.jpg\" alt=\"\" class=\"wp-image-1189\" srcset=\"https:\/\/www.confere.org.br\/wordpress\/wp-content\/uploads\/2019\/11\/DSC9389-1024x678.jpg 1024w, https:\/\/www.confere.org.br\/wordpress\/wp-content\/uploads\/2019\/11\/DSC9389-300x199.jpg 300w, https:\/\/www.confere.org.br\/wordpress\/wp-content\/uploads\/2019\/11\/DSC9389-768x509.jpg 768w, https:\/\/www.confere.org.br\/wordpress\/wp-content\/uploads\/2019\/11\/DSC9389-1568x1039.jpg 1568w\" sizes=\"(max-width: 1024px) 100vw, 1024px\" \/><figcaption><br><\/figcaption><\/figure>\n\n\n\n<figure class=\"wp-block-image\"><img width=\"1000\" height=\"662\" src=\"https:\/\/www.confere.org.br\/wordpress\/wp-content\/uploads\/2019\/11\/DSC9369.jpg\" alt=\"\" class=\"wp-image-1190\" srcset=\"https:\/\/www.confere.org.br\/wordpress\/wp-content\/uploads\/2019\/11\/DSC9369.jpg 1000w, https:\/\/www.confere.org.br\/wordpress\/wp-content\/uploads\/2019\/11\/DSC9369-300x199.jpg 300w, https:\/\/www.confere.org.br\/wordpress\/wp-content\/uploads\/2019\/11\/DSC9369-768x508.jpg 768w\" sizes=\"(max-width: 1000px) 100vw, 1000px\" \/><\/figure>\n\n\n\n<p><\/p>\n","protected":false},"excerpt":{"rendered":"<p>Para garantir a manuten\u00e7\u00e3o dos direitos dos representantes comerciais, o diretor-presidente do Confere, Manoel Affonso Mendes, esteve em Bras\u00edlia, no dia 18 de setembro, em reuni\u00e3o com os assessores, do deputado Alexis Fonteyne (Novo-SP). Na mesma data, Manoel Affonso Mendes e o diretor-presidente do Core-BA, Herval D\u00f3rea da Silva, reuniram-se com o deputado Z\u00e9 Neto &hellip; <\/p>\n<p class=\"link-more\"><a href=\"https:\/\/www.confere.org.br\/wordpress\/sistema-confere-cores-em-continua-defesa-dos-direitos-dos-representantes-comerciais\/\" class=\"more-link\">Continue lendo<span class=\"screen-reader-text\"> &#8220;Sistema Confere\/Cores em cont\u00ednua defesa dos direitos dos representantes comerciais&#8221;<\/span><\/a><\/p>\n","protected":false},"author":1,"featured_media":1196,"comment_status":"closed","ping_status":"open","sticky":false,"template":"","format":"standard","meta":[],"categories":[34],"tags":[],"_links":{"self":[{"href":"https:\/\/www.confere.org.br\/wordpress\/wp-json\/wp\/v2\/posts\/1187"}],"collection":[{"href":"https:\/\/www.confere.org.br\/wordpress\/wp-json\/wp\/v2\/posts"}],"about":[{"href":"https:\/\/www.confere.org.br\/wordpress\/wp-json\/wp\/v2\/types\/post"}],"author":[{"embeddable":true,"href":"https:\/\/www.confere.org.br\/wordpress\/wp-json\/wp\/v2\/users\/1"}],"replies":[{"embeddable":true,"href":"https:\/\/www.confere.org.br\/wordpress\/wp-json\/wp\/v2\/comments?post=1187"}],"version-history":[{"count":5,"href":"https:\/\/www.confere.org.br\/wordpress\/wp-json\/wp\/v2\/posts\/1187\/revisions"}],"predecessor-version":[{"id":1197,"href":"https:\/\/www.confere.org.br\/wordpress\/wp-json\/wp\/v2\/posts\/1187\/revisions\/1197"}],"wp:featuredmedia":[{"embeddable":true,"href":"https:\/\/www.confere.org.br\/wordpress\/wp-json\/wp\/v2\/media\/1196"}],"wp:attachment":[{"href":"https:\/\/www.confere.org.br\/wordpress\/wp-json\/wp\/v2\/media?parent=1187"}],"wp:term":[{"taxonomy":"category","embeddable":true,"href":"https:\/\/www.confere.org.br\/wordpress\/wp-json\/wp\/v2\/categories?post=1187"},{"taxonomy":"post_tag","embeddable":true,"href":"https:\/\/www.confere.org.br\/wordpress\/wp-json\/wp\/v2\/tags?post=1187"}],"curies":[{"name":"wp","href":"https:\/\/api.w.org\/{rel}","templated":true}]}}