{"id":11901,"date":"2023-09-06T13:08:24","date_gmt":"2023-09-06T16:08:24","guid":{"rendered":"https:\/\/www.confere.org.br\/wordpress\/?p=11901"},"modified":"2024-06-14T10:51:28","modified_gmt":"2024-06-14T13:51:28","slug":"processo-de-licitacao-no-010-2023-revistas-institucionais","status":"publish","type":"post","link":"https:\/\/www.confere.org.br\/wordpress\/processo-de-licitacao-no-010-2023-revistas-institucionais\/","title":{"rendered":"Processo de Licita\u00e7\u00e3o n\u00ba 010\/2023 &#8211; Revistas Institucionais"},"content":{"rendered":"\n<ul data-editing-info=\"{&quot;orderedStyleType&quot;:1,&quot;unorderedStyleType&quot;:2}\">\n<li><a href=\"https:\/\/www.confere.org.br\/wordpress\/wp-content\/uploads\/2024\/06\/EDITAL-Revista.pdf\">Edital do Preg\u00e3o 006\/2023<\/a><\/li>\n<li><a href=\"https:\/\/www.confere.org.br\/wordpress\/wp-content\/uploads\/2023\/09\/DOU-REVISTAS.pdf\">Aviso da Publica\u00e7\u00e3o DOU<\/a><\/li>\n<li><a href=\"https:\/\/www.confere.org.br\/wordpress\/wp-content\/uploads\/2023\/09\/Pedido_de_esclarecimento_nC2BA_01_referente_ao_Pregao_nC2BA_06_assinado.pdf\">Pedido de Esclarecimento n\u00ba 01\/2023<\/a><\/li>\n<li><a href=\"https:\/\/www.confere.org.br\/wordpress\/wp-content\/uploads\/2023\/09\/Pedido-de-esclarecimento-022023.pdf\">Pedido de Esclarecimento n\u00ba 02\/2023&nbsp;<\/a><\/li>\n<li><a href=\"https:\/\/www.confere.org.br\/wordpress\/wp-content\/uploads\/2023\/10\/Resultado-por-forncedor.pdf\">Resultado por Fornecedor<\/a><\/li>\n<li><a href=\"https:\/\/www.confere.org.br\/wordpress\/wp-content\/uploads\/2023\/10\/TERMO-DE-ADJUDICACAO-No-06.pdf\">Termo de Adjudica\u00e7\u00e3o<\/a><\/li>\n<li><a href=\"https:\/\/www.confere.org.br\/wordpress\/wp-content\/uploads\/2023\/10\/HOMOLOGACAO.pdf\">Termo de Homologa\u00e7\u00e3o<\/a><\/li>\n<\/ul>\n\n\n\n\n","protected":false},"excerpt":{"rendered":"<p>Edital do Preg\u00e3o 006\/2023 Aviso da Publica\u00e7\u00e3o DOU Pedido de Esclarecimento n\u00ba 01\/2023 Pedido de Esclarecimento n\u00ba 02\/2023&nbsp; Resultado por Fornecedor Termo de Adjudica\u00e7\u00e3o Termo de Homologa\u00e7\u00e3o<\/p>\n","protected":false},"author":3,"featured_media":0,"comment_status":"closed","ping_status":"closed","sticky":false,"template":"","format":"standard","meta":[],"categories":[32],"tags":[],"_links":{"self":[{"href":"https:\/\/www.confere.org.br\/wordpress\/wp-json\/wp\/v2\/posts\/11901"}],"collection":[{"href":"https:\/\/www.confere.org.br\/wordpress\/wp-json\/wp\/v2\/posts"}],"about":[{"href":"https:\/\/www.confere.org.br\/wordpress\/wp-json\/wp\/v2\/types\/post"}],"author":[{"embeddable":true,"href":"https:\/\/www.confere.org.br\/wordpress\/wp-json\/wp\/v2\/users\/3"}],"replies":[{"embeddable":true,"href":"https:\/\/www.confere.org.br\/wordpress\/wp-json\/wp\/v2\/comments?post=11901"}],"version-history":[{"count":7,"href":"https:\/\/www.confere.org.br\/wordpress\/wp-json\/wp\/v2\/posts\/11901\/revisions"}],"predecessor-version":[{"id":13738,"href":"https:\/\/www.confere.org.br\/wordpress\/wp-json\/wp\/v2\/posts\/11901\/revisions\/13738"}],"wp:attachment":[{"href":"https:\/\/www.confere.org.br\/wordpress\/wp-json\/wp\/v2\/media?parent=11901"}],"wp:term":[{"taxonomy":"category","embeddable":true,"href":"https:\/\/www.confere.org.br\/wordpress\/wp-json\/wp\/v2\/categories?post=11901"},{"taxonomy":"post_tag","embeddable":true,"href":"https:\/\/www.confere.org.br\/wordpress\/wp-json\/wp\/v2\/tags?post=11901"}],"curies":[{"name":"wp","href":"https:\/\/api.w.org\/{rel}","templated":true}]}}