{"id":11905,"date":"2023-09-06T16:27:31","date_gmt":"2023-09-06T19:27:31","guid":{"rendered":"https:\/\/www.confere.org.br\/wordpress\/?p=11905"},"modified":"2025-08-11T15:18:11","modified_gmt":"2025-08-11T18:18:11","slug":"dispensa-eletronica-no-021-2023-jornal-diario-de-grande-circulacao","status":"publish","type":"post","link":"https:\/\/www.confere.org.br\/wordpress\/dispensa-eletronica-no-021-2023-jornal-diario-de-grande-circulacao\/","title":{"rendered":"Dispensa Eletr\u00f4nica N\u00ba 021\/2023 &#8211; Jornal di\u00e1rio de grande circula\u00e7\u00e3o"},"content":{"rendered":"\n<ul>\n<li class=\"x_ContentPasted0\"><a href=\"https:\/\/www.confere.org.br\/wordpress\/wp-content\/uploads\/2023\/09\/TR_JORNAL_DE_GRANDE_CIRCULACAO__28versao_final_29_assinado_assinado__1_.pdf\">Termo de Refer\u00eancia<\/a><\/li>\n<li class=\"x_ContentPasted0\"><span class=\"x_ContentPasted2\">Link PNCP:\u00a0<a id=\"LPlnk667509\" class=\"x_OWAAutoLink\" href=\"https:\/\/pncp.gov.br\/app\/editais\/34046367000168\/2023\/40\" target=\"_blank\" rel=\"noopener noreferrer\" data-auth=\"NotApplicable\" data-linkindex=\"0\">https:\/\/pncp.gov.br\/app\/editais\/34046367000168\/2023\/40<\/a><\/span><\/li>\n<li class=\"x_ContentPasted0\"><a href=\"https:\/\/www.confere.org.br\/wordpress\/wp-content\/uploads\/2023\/09\/DESPACHO_TR_JORNAL_assinado_editado.pdf\">Autoriza\u00e7\u00e3o do Ordenador de Despesa<\/a><\/li>\n<li class=\"x_ContentPasted0\">Data da sess\u00e3o: 13\/09\/2023<\/li>\n<li>18\/10\/2023\u00a0&#8211; <a href=\"https:\/\/www.confere.org.br\/wordpress\/wp-content\/uploads\/2024\/06\/relatorio-Dispensa-Eletronica-No-021.2023-Jornal-diario-de-grande-circulacao.pdf\">RELAT\u00d3RIO HOMOLOGADO<\/a><\/li>\n<li><a href=\"https:\/\/www.confere.org.br\/wordpress\/wp-content\/uploads\/2025\/08\/GibborPrimeiroAditivoassinadoTarjado-1.pdf\">1\u00ba Termo Aditivo<\/a><\/li>\n<li><a href=\"https:\/\/www.confere.org.br\/wordpress\/wp-content\/uploads\/2025\/08\/2o-Termo-Aditivo-Gibbor-Finalizado-1.pdf\"><span data-olk-copy-source=\"MessageBody\">2\u00ba Termo Aditivo ao Contrato n\u00ba 16\/2023<\/span><\/a><\/li>\n<li>Publica\u00e7\u00e3o do Procedimento: <a id=\"anchor-160e5e05-96ff-6588-ede8-96bdb8c0c119\" title=\"https:\/\/pncp.gov.br\/app\/editais\/34046367000168\/2023\/40;\" href=\"https:\/\/pncp.gov.br\/app\/editais\/34046367000168\/2023\/40;\" target=\"_blank\" rel=\"noopener noreferrer\" data-auth=\"NotApplicable\" data-linkindex=\"0\">https:\/\/pncp.gov.br\/app\/editais\/34046367000168\/2023\/40;<\/a>\u00a0<\/li>\n<\/ul>\n\n\n","protected":false},"excerpt":{"rendered":"<p>Termo de Refer\u00eancia Link PNCP:\u00a0https:\/\/pncp.gov.br\/app\/editais\/34046367000168\/2023\/40 Autoriza\u00e7\u00e3o do Ordenador de Despesa Data da sess\u00e3o: 13\/09\/2023 18\/10\/2023\u00a0&#8211; RELAT\u00d3RIO HOMOLOGADO 1\u00ba Termo Aditivo 2\u00ba Termo Aditivo ao Contrato n\u00ba 16\/2023 Publica\u00e7\u00e3o do Procedimento: https:\/\/pncp.gov.br\/app\/editais\/34046367000168\/2023\/40;\u00a0<\/p>\n","protected":false},"author":3,"featured_media":0,"comment_status":"closed","ping_status":"closed","sticky":false,"template":"","format":"standard","meta":[],"categories":[60],"tags":[],"_links":{"self":[{"href":"https:\/\/www.confere.org.br\/wordpress\/wp-json\/wp\/v2\/posts\/11905"}],"collection":[{"href":"https:\/\/www.confere.org.br\/wordpress\/wp-json\/wp\/v2\/posts"}],"about":[{"href":"https:\/\/www.confere.org.br\/wordpress\/wp-json\/wp\/v2\/types\/post"}],"author":[{"embeddable":true,"href":"https:\/\/www.confere.org.br\/wordpress\/wp-json\/wp\/v2\/users\/3"}],"replies":[{"embeddable":true,"href":"https:\/\/www.confere.org.br\/wordpress\/wp-json\/wp\/v2\/comments?post=11905"}],"version-history":[{"count":6,"href":"https:\/\/www.confere.org.br\/wordpress\/wp-json\/wp\/v2\/posts\/11905\/revisions"}],"predecessor-version":[{"id":16833,"href":"https:\/\/www.confere.org.br\/wordpress\/wp-json\/wp\/v2\/posts\/11905\/revisions\/16833"}],"wp:attachment":[{"href":"https:\/\/www.confere.org.br\/wordpress\/wp-json\/wp\/v2\/media?parent=11905"}],"wp:term":[{"taxonomy":"category","embeddable":true,"href":"https:\/\/www.confere.org.br\/wordpress\/wp-json\/wp\/v2\/categories?post=11905"},{"taxonomy":"post_tag","embeddable":true,"href":"https:\/\/www.confere.org.br\/wordpress\/wp-json\/wp\/v2\/tags?post=11905"}],"curies":[{"name":"wp","href":"https:\/\/api.w.org\/{rel}","templated":true}]}}