{"id":11915,"date":"2023-09-11T14:49:33","date_gmt":"2023-09-11T17:49:33","guid":{"rendered":"https:\/\/www.confere.org.br\/wordpress\/?p=11915"},"modified":"2023-09-11T14:49:48","modified_gmt":"2023-09-11T17:49:48","slug":"processo-de-inexigibilidade-001-2023-7a-conferencia-nacional-dos-conselhos-profissionais","status":"publish","type":"post","link":"https:\/\/www.confere.org.br\/wordpress\/processo-de-inexigibilidade-001-2023-7a-conferencia-nacional-dos-conselhos-profissionais\/","title":{"rendered":"Processo de Inexigibilidade 001\/2023 &#8211; 7\u00aa Confer\u00eancia Nacional dos Conselhos Profissionais\u00a0"},"content":{"rendered":"\n<ul>\n<li class=\"x_elementToProof\"><a href=\"https:\/\/www.confere.org.br\/wordpress\/wp-content\/uploads\/2023\/09\/TR_CONFERENCIA_NACIONAL_DOS_CONSELHOS_assinado.pdf\">Termo de Refer\u00eancia<\/a><\/li>\n<li class=\"x_elementToProof\"><a href=\"https:\/\/www.confere.org.br\/wordpress\/wp-content\/uploads\/2023\/09\/DESPACHO_ACRESCIMO_CONFERENCIA_assinado__1__editado.pdf\">Aprova\u00e7\u00e3o e aumento das quantidades<\/a><\/li>\n<li class=\"x_elementToProof x_ContentPasted0\">Publica\u00e7\u00e3o no PNCP:\u00a0<a id=\"LPlnkOWALinkPreview\" href=\"https:\/\/pncp.gov.br\/app\/editais\/34046367000168\/2023\/41\" target=\"_blank\" rel=\"noopener noreferrer\" data-auth=\"NotApplicable\" data-linkindex=\"0\">https:\/\/pncp.gov.br\/app\/editais\/34046367000168\/2023\/41<\/a><\/li>\n<\/ul>\n\n\n","protected":false},"excerpt":{"rendered":"<p>Termo de Refer\u00eancia Aprova\u00e7\u00e3o e aumento das quantidades Publica\u00e7\u00e3o no PNCP:\u00a0https:\/\/pncp.gov.br\/app\/editais\/34046367000168\/2023\/41<\/p>\n","protected":false},"author":3,"featured_media":0,"comment_status":"closed","ping_status":"closed","sticky":false,"template":"","format":"standard","meta":[],"categories":[55],"tags":[],"_links":{"self":[{"href":"https:\/\/www.confere.org.br\/wordpress\/wp-json\/wp\/v2\/posts\/11915"}],"collection":[{"href":"https:\/\/www.confere.org.br\/wordpress\/wp-json\/wp\/v2\/posts"}],"about":[{"href":"https:\/\/www.confere.org.br\/wordpress\/wp-json\/wp\/v2\/types\/post"}],"author":[{"embeddable":true,"href":"https:\/\/www.confere.org.br\/wordpress\/wp-json\/wp\/v2\/users\/3"}],"replies":[{"embeddable":true,"href":"https:\/\/www.confere.org.br\/wordpress\/wp-json\/wp\/v2\/comments?post=11915"}],"version-history":[{"count":1,"href":"https:\/\/www.confere.org.br\/wordpress\/wp-json\/wp\/v2\/posts\/11915\/revisions"}],"predecessor-version":[{"id":11918,"href":"https:\/\/www.confere.org.br\/wordpress\/wp-json\/wp\/v2\/posts\/11915\/revisions\/11918"}],"wp:attachment":[{"href":"https:\/\/www.confere.org.br\/wordpress\/wp-json\/wp\/v2\/media?parent=11915"}],"wp:term":[{"taxonomy":"category","embeddable":true,"href":"https:\/\/www.confere.org.br\/wordpress\/wp-json\/wp\/v2\/categories?post=11915"},{"taxonomy":"post_tag","embeddable":true,"href":"https:\/\/www.confere.org.br\/wordpress\/wp-json\/wp\/v2\/tags?post=11915"}],"curies":[{"name":"wp","href":"https:\/\/api.w.org\/{rel}","templated":true}]}}