{"id":11925,"date":"2023-09-14T09:29:55","date_gmt":"2023-09-14T12:29:55","guid":{"rendered":"https:\/\/www.confere.org.br\/wordpress\/?p=11925"},"modified":"2023-09-14T16:42:02","modified_gmt":"2023-09-14T19:42:02","slug":"core-pe-participa-da-autonor-2023-feira-de-tecnologia-automotiva-do-nordeste","status":"publish","type":"post","link":"https:\/\/www.confere.org.br\/wordpress\/core-pe-participa-da-autonor-2023-feira-de-tecnologia-automotiva-do-nordeste\/","title":{"rendered":"Core-PE participa da AutoNor 2023 &#8211; feira de tecnologia automotiva do Nordeste"},"content":{"rendered":"\n<p>De 13 a 16 de setembro, o Core-PE participa da AutoNor, no Centro de Conven\u00e7\u00f5es de Pernambuco, em Olinda. S\u00e3o esperadas mais de 50 mil pessoas e a expectativa \u00e9 de que sejam gerados cerca de\u00a0R$ 60 milh\u00f5es em neg\u00f3cios. A feira, que \u00e9 considerada a segunda maior do pa\u00eds no segmento, ser\u00e1 realizada durante quatro dias nos hor\u00e1rios das 15h \u00e0s 21h, de quarta a sexta-feira, e das 14h \u00e0s 20h, no s\u00e1bado.\u00a0<\/p>\n<p><span class=\"ui-provider eo cbj bgr cbk cbl cbm cbn cbo cbp cbq cbr cbs cbt cbu cbv cbw cbx cby cbz cca ccb ccc ccd cce ccf ccg cch cci ccj cck ccl ccm ccn cco ccp\" dir=\"ltr\"><span class=\"ui-box ch bj ci bo bp cj cl cm cn co cp cq cr cs ct cu cv cw cx cy cz da db dc dd\"><span class=\"fui-Primitive ___77lcry0 f10pi13n\"><span id=\"chat-pane-list\" class=\"fui-Chat ___1eqbcz0 f22iagw f1vx9l62 ftrb29c fly5x3f f1p9o1ba f1sil6mw f1vr58yn f1a2l6f3 f2mnhzf fgr6219 f1ujusj6 f10jk5vf fcgxt0o fs3bnjt\"><span class=\"fui-unstable-ChatItem ___1ayi3ob fly5x3f f1locze1\"><span class=\"fui-Primitive\"><span id=\"menu12599\" class=\"fui-Primitive\"><span class=\"fui-ChatMyMessage ___1bhghw0 fq1loh5 f1qxnqfc\"><span class=\"___1ncave0 f22iagw f9c4gz4\"><span id=\"message-body-1694693841969\" class=\"fui-ChatMyMessage__body rknyutk ___28wo3t0 f10pi13n ftqa4ok f2hkw1w f8hki3x f1d2448m f1bjia2o ffh67wi f15bsgw9 f14e48fq f18yb2kv fd6o370 fh1cnn4 fy7oxxb fpukqih f184ne2d frrh606 f1v5zibi ful5kiu fo2hd23 f1jqcqds ftffrms f2e7qr6 fsr1zz6 f1dvezut fd0oaoj fjvm52t f1cwg4i8 f57olzd f4stah7 f480a47 fs1por5 fk6fouc figsok6 fkhj508 f1i3iumi f19n0e5 f9ijwd5 f1q0nqlt f1ldthgs frrelxk f10ostut ffisxpw f5ogflp f1hqa2wf f1f09k3d finvdd3 fzkkow9 fcdblym fg706s2 fjik90z fghlq4f f1gn591s fb073pr fjscplz f1xp5gbu f150uoa4 ffyari3 fo7qwa0 f16xkysk\"><span id=\"content-1694693841969\" class=\"fui-Primitive ___1oizflv f1oy3dpc\" dir=\"auto\" aria-label=\"Visita aos estandes, realizando a fiscaliza\u00e7\u00e3o educativa; informando \u00e0s empresas a import\u00e2ncia da contrata\u00e7\u00e3o do Representante Comecial legalizado; informando tamb\u00e9m sobre o canal de divulga\u00e7\u00e3o de vagas para contrata\u00e7\u00e3o de representantes comerciais; realizando atendimentos ao registrado, emiss\u00e3o de identidades digitais, negocia\u00e7\u00e3o de d\u00e9bitos, emiss\u00e3o de certid\u00f5es; informa\u00e7\u00f5es ao candidato a registro no regional, protocoliza\u00e7\u00e3o de requerimentos de registro, bem como qualquer outro tipo de solicita\u00e7\u00e3o que o registrado necessite junto ao conselho.\">Colaboradores e diretores do Regional pernambucano t\u00eam visitado os estandes para orientar e realizar uma fiscaliza\u00e7\u00e3o educativa, informando \u00e0s empresas sobre a import\u00e2ncia da contrata\u00e7\u00e3o do representante comercial legalizado; informam, tamb\u00e9m, sobre o canal de divulga\u00e7\u00e3o de vagas para contrata\u00e7\u00e3o de representantes comerciais; realizam atendimentos ao registrado, emiss\u00e3o de identidades digitais, negocia\u00e7\u00e3o de d\u00e9bitos, emiss\u00e3o de certid\u00f5es; informa\u00e7\u00f5es ao candidato a registro no Core, protocoliza\u00e7\u00e3o de requerimentos de registro, bem como qualquer outro tipo de solicita\u00e7\u00e3o que o registrado necessite.<\/span><\/span><\/span><\/span><\/span><\/span><\/span><\/span><\/span><\/span><\/span><\/p>\n<p>\u00a0<\/p>\n\n\n\n<figure class=\"wp-block-image size-full is-resized\"><img src=\"https:\/\/www.confere.org.br\/wordpress\/wp-content\/uploads\/2023\/09\/MicrosoftTeams-image-77-1.jpg\" alt=\"\" class=\"wp-image-11930\" width=\"487\" height=\"648\" srcset=\"https:\/\/www.confere.org.br\/wordpress\/wp-content\/uploads\/2023\/09\/MicrosoftTeams-image-77-1.jpg 768w, https:\/\/www.confere.org.br\/wordpress\/wp-content\/uploads\/2023\/09\/MicrosoftTeams-image-77-1-225x300.jpg 225w\" sizes=\"(max-width: 487px) 100vw, 487px\" \/><\/figure>\n\n\n","protected":false},"excerpt":{"rendered":"<p>A expectativa \u00e9 de que sejam gerados cerca de R$ 60 milh\u00f5es em neg\u00f3cios<\/p>\n","protected":false},"author":3,"featured_media":11926,"comment_status":"closed","ping_status":"closed","sticky":false,"template":"","format":"standard","meta":[],"categories":[34,49,17],"tags":[],"_links":{"self":[{"href":"https:\/\/www.confere.org.br\/wordpress\/wp-json\/wp\/v2\/posts\/11925"}],"collection":[{"href":"https:\/\/www.confere.org.br\/wordpress\/wp-json\/wp\/v2\/posts"}],"about":[{"href":"https:\/\/www.confere.org.br\/wordpress\/wp-json\/wp\/v2\/types\/post"}],"author":[{"embeddable":true,"href":"https:\/\/www.confere.org.br\/wordpress\/wp-json\/wp\/v2\/users\/3"}],"replies":[{"embeddable":true,"href":"https:\/\/www.confere.org.br\/wordpress\/wp-json\/wp\/v2\/comments?post=11925"}],"version-history":[{"count":2,"href":"https:\/\/www.confere.org.br\/wordpress\/wp-json\/wp\/v2\/posts\/11925\/revisions"}],"predecessor-version":[{"id":11931,"href":"https:\/\/www.confere.org.br\/wordpress\/wp-json\/wp\/v2\/posts\/11925\/revisions\/11931"}],"wp:featuredmedia":[{"embeddable":true,"href":"https:\/\/www.confere.org.br\/wordpress\/wp-json\/wp\/v2\/media\/11926"}],"wp:attachment":[{"href":"https:\/\/www.confere.org.br\/wordpress\/wp-json\/wp\/v2\/media?parent=11925"}],"wp:term":[{"taxonomy":"category","embeddable":true,"href":"https:\/\/www.confere.org.br\/wordpress\/wp-json\/wp\/v2\/categories?post=11925"},{"taxonomy":"post_tag","embeddable":true,"href":"https:\/\/www.confere.org.br\/wordpress\/wp-json\/wp\/v2\/tags?post=11925"}],"curies":[{"name":"wp","href":"https:\/\/api.w.org\/{rel}","templated":true}]}}