{"id":11934,"date":"2023-09-15T11:27:06","date_gmt":"2023-09-15T14:27:06","guid":{"rendered":"https:\/\/www.confere.org.br\/wordpress\/?p=11934"},"modified":"2023-09-15T11:27:09","modified_gmt":"2023-09-15T14:27:09","slug":"core-ba-participara-da-1o-constru-nordeste-de-salvador","status":"publish","type":"post","link":"https:\/\/www.confere.org.br\/wordpress\/core-ba-participara-da-1o-constru-nordeste-de-salvador\/","title":{"rendered":"Core-BA participar\u00e1 da 1\u00ba Constru Nordeste de Salvador"},"content":{"rendered":"\n<p>O evento, que ser\u00e1 realizado no\u00a0Centro de Conven\u00e7\u00f5es,\u00a0em\u00a0Salvador,\u00a0no per\u00edodo de\u00a020 a 22 de setembro, de 11h \u00e0s 21h,\u00a0apresentar\u00e1 novidades do setor, principais tend\u00eancias, produtos e as mais modernas solu\u00e7\u00f5es em inova\u00e7\u00e3o e sustentabilidade.<\/p>\n<p>Participe!<\/p>\n<p>Durante a feira, o Core-BA oferecer\u00e1 atendimentos e esclarecimentos sobre fiscaliza\u00e7\u00e3o, cobran\u00e7a, d\u00favidas jur\u00eddicas e administrativas. Ser\u00e1 poss\u00edvel, tamb\u00e9m, solicitar negocia\u00e7\u00f5es de anuidades, emiss\u00e3o de carteira profissional e registros.<\/p>\n<p>\u00a0<\/p>\n\n\n","protected":false},"excerpt":{"rendered":"<p>A\u00a01\u00aa Constru Nordeste ser\u00e1 o maior evento da Constru\u00e7\u00e3o do Norte e Nordeste, idealizada para unir em um mesmo local todos os segmentos da ind\u00fastria da constru\u00e7\u00e3o civil.<\/p>\n","protected":false},"author":3,"featured_media":11935,"comment_status":"closed","ping_status":"closed","sticky":false,"template":"","format":"standard","meta":[],"categories":[34,49,17],"tags":[],"_links":{"self":[{"href":"https:\/\/www.confere.org.br\/wordpress\/wp-json\/wp\/v2\/posts\/11934"}],"collection":[{"href":"https:\/\/www.confere.org.br\/wordpress\/wp-json\/wp\/v2\/posts"}],"about":[{"href":"https:\/\/www.confere.org.br\/wordpress\/wp-json\/wp\/v2\/types\/post"}],"author":[{"embeddable":true,"href":"https:\/\/www.confere.org.br\/wordpress\/wp-json\/wp\/v2\/users\/3"}],"replies":[{"embeddable":true,"href":"https:\/\/www.confere.org.br\/wordpress\/wp-json\/wp\/v2\/comments?post=11934"}],"version-history":[{"count":1,"href":"https:\/\/www.confere.org.br\/wordpress\/wp-json\/wp\/v2\/posts\/11934\/revisions"}],"predecessor-version":[{"id":11936,"href":"https:\/\/www.confere.org.br\/wordpress\/wp-json\/wp\/v2\/posts\/11934\/revisions\/11936"}],"wp:featuredmedia":[{"embeddable":true,"href":"https:\/\/www.confere.org.br\/wordpress\/wp-json\/wp\/v2\/media\/11935"}],"wp:attachment":[{"href":"https:\/\/www.confere.org.br\/wordpress\/wp-json\/wp\/v2\/media?parent=11934"}],"wp:term":[{"taxonomy":"category","embeddable":true,"href":"https:\/\/www.confere.org.br\/wordpress\/wp-json\/wp\/v2\/categories?post=11934"},{"taxonomy":"post_tag","embeddable":true,"href":"https:\/\/www.confere.org.br\/wordpress\/wp-json\/wp\/v2\/tags?post=11934"}],"curies":[{"name":"wp","href":"https:\/\/api.w.org\/{rel}","templated":true}]}}