{"id":11937,"date":"2023-09-15T16:14:13","date_gmt":"2023-09-15T19:14:13","guid":{"rendered":"https:\/\/www.confere.org.br\/wordpress\/?p=11937"},"modified":"2024-01-02T15:54:00","modified_gmt":"2024-01-02T18:54:00","slug":"core-es-promove-palestra-o-representante-do-futuro-em-homenagem-ao-dia-pan-americano-e-estadual-do-representante-comercial","status":"publish","type":"post","link":"https:\/\/www.confere.org.br\/wordpress\/core-es-promove-palestra-o-representante-do-futuro-em-homenagem-ao-dia-pan-americano-e-estadual-do-representante-comercial\/","title":{"rendered":"Core-ES promove palestra \u201cO Representante do Futuro\u201d em homenagem ao Dia Pan-americano e Estadual do Representante Comercial"},"content":{"rendered":"\n<p>No dia 6 de outubro, o Conselho Regional dos Representantes Comerciais no Estado do Esp\u00edrito Santo (Core-ES) realizar\u00e1 um Ato Solene, em comemora\u00e7\u00e3o ao Dia Pan-Americano e Estadual do Representante Comercial. <\/p>\n\n\n\n<p>Ser\u00e1 promovido um ciclo de palestras, visando o aperfei\u00e7oamento profissional e valoriza\u00e7\u00e3o da categoria. Para capacitar seus registrados, o Core-ES convidou o conselheiro empresarial e mentor de empres\u00e1rios e gestores comerciais Marcelo Caetano, que atua h\u00e1 mais de 30 anos no mercado de vendas.<\/p>\n\n\n\n<p>Marcelo \u00e9 escritor, autor dos livros \u201cChega de Desconto\u201d e \u201cVendedor Fiel, Cliente Fiel\u201d, al\u00e9m de mais de 100 artigos sobre vendas e gest\u00e3o comercial.<\/p>\n\n\n\n<p>Na palestra \u201cO Representante do Futuro\u201d, ele falar\u00e1 sobre a mudan\u00e7a no mercado da Representa\u00e7\u00e3o Comercial e como deve ser o atual mindset do representante comercial, que \u00e9 o de ser empres\u00e1rio e parceiro comercial das representadas e dos clientes e dar\u00e1 importantes dicas para isso.<\/p>\n\n\n\n<p>O evento contar\u00e1 ainda com as palestras: \u201cImpacto da reforma tribut\u00e1ria no setor de servi\u00e7os\u201d, \u201cDiferen\u00e7as entre as naturezas jur\u00eddicas das empresas, tributos e reflexos em conselho de classe\u201d e Contratos de Representa\u00e7\u00e3o Comercial: direitos e princ\u00edpios&#8221;.<\/p>\n\n\n\n<p>Mais informa\u00e7\u00f5es no site do <a href=\"https:\/\/www.core-es.org.br\/\">Core-ES \u2014 Conselho Regional dos Representantes Comerciais no Estado do Espirito Santo<\/a>.<\/p>\n\n\n","protected":false},"excerpt":{"rendered":"<p>Programe-se e participe!<\/p>\n","protected":false},"author":3,"featured_media":11938,"comment_status":"closed","ping_status":"closed","sticky":false,"template":"","format":"standard","meta":[],"categories":[34,49,17],"tags":[],"_links":{"self":[{"href":"https:\/\/www.confere.org.br\/wordpress\/wp-json\/wp\/v2\/posts\/11937"}],"collection":[{"href":"https:\/\/www.confere.org.br\/wordpress\/wp-json\/wp\/v2\/posts"}],"about":[{"href":"https:\/\/www.confere.org.br\/wordpress\/wp-json\/wp\/v2\/types\/post"}],"author":[{"embeddable":true,"href":"https:\/\/www.confere.org.br\/wordpress\/wp-json\/wp\/v2\/users\/3"}],"replies":[{"embeddable":true,"href":"https:\/\/www.confere.org.br\/wordpress\/wp-json\/wp\/v2\/comments?post=11937"}],"version-history":[{"count":1,"href":"https:\/\/www.confere.org.br\/wordpress\/wp-json\/wp\/v2\/posts\/11937\/revisions"}],"predecessor-version":[{"id":11939,"href":"https:\/\/www.confere.org.br\/wordpress\/wp-json\/wp\/v2\/posts\/11937\/revisions\/11939"}],"wp:featuredmedia":[{"embeddable":true,"href":"https:\/\/www.confere.org.br\/wordpress\/wp-json\/wp\/v2\/media\/11938"}],"wp:attachment":[{"href":"https:\/\/www.confere.org.br\/wordpress\/wp-json\/wp\/v2\/media?parent=11937"}],"wp:term":[{"taxonomy":"category","embeddable":true,"href":"https:\/\/www.confere.org.br\/wordpress\/wp-json\/wp\/v2\/categories?post=11937"},{"taxonomy":"post_tag","embeddable":true,"href":"https:\/\/www.confere.org.br\/wordpress\/wp-json\/wp\/v2\/tags?post=11937"}],"curies":[{"name":"wp","href":"https:\/\/api.w.org\/{rel}","templated":true}]}}