{"id":1200,"date":"2019-08-29T14:26:11","date_gmt":"2019-08-29T17:26:11","guid":{"rendered":"http:\/\/www.confere.org.br\/wordpress\/?p=1200"},"modified":"2019-11-14T15:20:42","modified_gmt":"2019-11-14T18:20:42","slug":"sistema-confere-cores-participa-da-3a-conferencia-nacional-dos-conselhos-de-fiscalizacao-profissional","status":"publish","type":"post","link":"https:\/\/www.confere.org.br\/wordpress\/sistema-confere-cores-participa-da-3a-conferencia-nacional-dos-conselhos-de-fiscalizacao-profissional\/","title":{"rendered":"Sistema Confere\/Cores participa da 3\u00aa Confer\u00eancia Nacional dos Conselhos de Fiscaliza\u00e7\u00e3o Profissional"},"content":{"rendered":"\n<p>De 06 a 09 de agosto, o Distrito Federal recebeu a 3\u00aa Confer\u00eancia Nacional dos Conselhos Profissionais, realizada pelo Sistema Integrado de Licita\u00e7\u00f5es P\u00fablicas (Silp) e Innovatio Consultoria e Treinamento.<br><\/p>\n\n\n\n<p>O objetivo da Confer\u00eancia \u00e9 apresentar as inova\u00e7\u00f5es e mudan\u00e7as nas edi\u00e7\u00f5es de recentes legisla\u00e7\u00f5es e normativos que implicam diretamente nas pr\u00e1ticas rotineiras das entidades e proporcionar aos agentes dos Conselhos Profissionais de Fiscaliza\u00e7\u00e3o o conhecimento das melhores pr\u00e1ticas de Administra\u00e7\u00e3o, Governan\u00e7a e Controle de Gest\u00e3o aplic\u00e1veis \u00e0s entidades.<br><\/p>\n\n\n\n<p>Na solenidade de abertura, o ministro do TCU Benjamin Zymler foi homenageado e, tamb\u00e9m, proferiu a palestra &#8220;Compliance \u2013 Instrumento da gest\u00e3o na Administra\u00e7\u00e3o P\u00fablica&#8221;. E o secret\u00e1rio-executivo do F\u00f3rum dos Conselhos Profissionais, Jenner de Morais ministrou a palestra &#8220;As perspectivas dos Conselhos Profissionais diante do cen\u00e1rio nacional de mudan\u00e7as \u2013 Relev\u00e2ncia social e desempenho dos Conselhos Profissionais&#8221;.<br><\/p>\n\n\n\n<p>A programa\u00e7\u00e3o do evento ofereceu, tamb\u00e9m, 19&nbsp;<em>workshops<\/em>, com temas pr\u00e1ticos e relevantes. &#8220;Os<em>&nbsp;workshops<\/em>&nbsp;t\u00eam o objetivo de abordar os temas propostos, possibilitando ao participante o acesso ao enfoque pr\u00e1tico do assunto, embasado em legisla\u00e7\u00f5es atualizadas, doutrina e jurisprud\u00eancias. E o Encontro com Especialistas tem a finalidade de tratar temas pol\u00eamicos espec\u00edficos dos participantes a serem analisados juntamente com o professor&#8221;, explicou a professora Val\u00e9ria Cordeiro, coordenadora cientif\u00edca do evento.<\/p>\n\n\n\n<p><strong>Dentre os homenageados, citamos abaixo os pr\u00eamios recebidos pelas entidades integrantes do Sistema Confere\/Cores:<\/strong><\/p>\n\n\n\n<p><strong>Confere<\/strong><\/p>\n\n\n\n<p>Melhor Edital de Servi\u00e7os de Publicidade; Destaque de maior n\u00famero de participantes por categoria profissional.<\/p>\n\n\n\n<p><strong>Core-CE<\/strong><\/p>\n\n\n\n<p>Melhor Pr\u00e1tica de apura\u00e7\u00e3o e aplica\u00e7\u00e3o de penalidades.<\/p>\n\n\n\n<p><strong>Core-MT<\/strong><\/p>\n\n\n\n<p>Melhor Edital de Sistema de Registro com Inten\u00e7\u00e3o de Registro de Pre\u00e7os.<\/p>\n\n\n\n<p><strong>Core-PE<\/strong><\/p>\n\n\n\n<p>Melhor Programa de Capacita\u00e7\u00e3o de Profissionais; Melhor Manual de Compras; Melhor Manual de Gest\u00e3o e Fiscaliza\u00e7\u00e3o de Contratos; Melhor checklist de controle de recebimento de objetos; Melhor A\u00e7\u00e3o Fiscalizat\u00f3ria e convers\u00e3o em registros iniciais; Melhor Portal de Servi\u00e7os de Informa\u00e7\u00e3o ao Cidad\u00e3o; Condecora\u00e7\u00e3o honrosa ao diretor-presidente do Core-PE, Archimedes Cavalcanti J\u00fanior: A\u00e7\u00e3o colaborativa especial \u00e0s realizadoras para o alcance do sucesso do evento.<\/p>\n\n\n\n<p><strong>Core-RS<\/strong><\/p>\n\n\n\n<p>Melhor Edital de Licita\u00e7\u00e3o com ado\u00e7\u00e3o de crit\u00e9rios de sustentabilidade; Melhor checklist de controle de execu\u00e7\u00e3o de servi\u00e7os terceirizados; Melhor Portal de Servi\u00e7os de Informa\u00e7\u00e3o ao Cidad\u00e3o.<\/p>\n\n\n\n<p><strong>Core-SP<\/strong><\/p>\n\n\n\n<p>Melhor Portal de Servi\u00e7os de Informa\u00e7\u00e3o ao Cidad\u00e3o.<\/p>\n\n\n\n<figure class=\"wp-block-image is-resized\"><img src=\"https:\/\/www.confere.org.br\/wordpress\/wp-content\/uploads\/2019\/11\/IMG_0550.jpg\" alt=\"\" class=\"wp-image-1202\" width=\"871\" height=\"581\" srcset=\"https:\/\/www.confere.org.br\/wordpress\/wp-content\/uploads\/2019\/11\/IMG_0550.jpg 591w, https:\/\/www.confere.org.br\/wordpress\/wp-content\/uploads\/2019\/11\/IMG_0550-300x200.jpg 300w\" sizes=\"(max-width: 871px) 100vw, 871px\" \/><figcaption> Herval D\u00f3rea da Silva, diretor-presidente do Core-BA, e Jo\u00e3o Pedro da Silva Rosa, diretor-presidente do Core-SC, receberam as premia\u00e7\u00f5es do Confere <\/figcaption><\/figure>\n\n\n\n<p><\/p>\n","protected":false},"excerpt":{"rendered":"<p>Herval D\u00f3rea da Silva, diretor-presidente do Core-BA, e Jo\u00e3o Pedro da Silva Rosa, diretor-presidente do Core-SC, receberam as premia\u00e7\u00f5es do Confere <\/p>\n","protected":false},"author":1,"featured_media":1201,"comment_status":"closed","ping_status":"open","sticky":false,"template":"","format":"standard","meta":[],"categories":[34],"tags":[],"_links":{"self":[{"href":"https:\/\/www.confere.org.br\/wordpress\/wp-json\/wp\/v2\/posts\/1200"}],"collection":[{"href":"https:\/\/www.confere.org.br\/wordpress\/wp-json\/wp\/v2\/posts"}],"about":[{"href":"https:\/\/www.confere.org.br\/wordpress\/wp-json\/wp\/v2\/types\/post"}],"author":[{"embeddable":true,"href":"https:\/\/www.confere.org.br\/wordpress\/wp-json\/wp\/v2\/users\/1"}],"replies":[{"embeddable":true,"href":"https:\/\/www.confere.org.br\/wordpress\/wp-json\/wp\/v2\/comments?post=1200"}],"version-history":[{"count":3,"href":"https:\/\/www.confere.org.br\/wordpress\/wp-json\/wp\/v2\/posts\/1200\/revisions"}],"predecessor-version":[{"id":1222,"href":"https:\/\/www.confere.org.br\/wordpress\/wp-json\/wp\/v2\/posts\/1200\/revisions\/1222"}],"wp:featuredmedia":[{"embeddable":true,"href":"https:\/\/www.confere.org.br\/wordpress\/wp-json\/wp\/v2\/media\/1201"}],"wp:attachment":[{"href":"https:\/\/www.confere.org.br\/wordpress\/wp-json\/wp\/v2\/media?parent=1200"}],"wp:term":[{"taxonomy":"category","embeddable":true,"href":"https:\/\/www.confere.org.br\/wordpress\/wp-json\/wp\/v2\/categories?post=1200"},{"taxonomy":"post_tag","embeddable":true,"href":"https:\/\/www.confere.org.br\/wordpress\/wp-json\/wp\/v2\/tags?post=1200"}],"curies":[{"name":"wp","href":"https:\/\/api.w.org\/{rel}","templated":true}]}}