{"id":12003,"date":"2023-09-19T10:15:55","date_gmt":"2023-09-19T13:15:55","guid":{"rendered":"https:\/\/www.confere.org.br\/wordpress\/?p=12003"},"modified":"2023-09-20T13:36:58","modified_gmt":"2023-09-20T16:36:58","slug":"core-rs-realiza-solenidade-de-inauguracao-da-nova-sede","status":"publish","type":"post","link":"https:\/\/www.confere.org.br\/wordpress\/core-rs-realiza-solenidade-de-inauguracao-da-nova-sede\/","title":{"rendered":"Core-RS realiza solenidade de inaugura\u00e7\u00e3o da nova sede"},"content":{"rendered":"\n<p><span data-contrast=\"auto\">Uma nova fase \u00e9 iniciada na hist\u00f3ria do Core-RS. Na manh\u00e3 dessa segunda-feira, dia 18 de setembro, o Regional ga\u00facho realizou solenidade de inaugura\u00e7\u00e3o da sua nova sede, localizada no bairro Menino de Deus, em Porto Alegre.&nbsp;<\/span><span data-ccp-props=\"{&quot;134233117&quot;:false,&quot;134233118&quot;:true,&quot;201341983&quot;:0,&quot;335551550&quot;:6,&quot;335551620&quot;:6,&quot;335559738&quot;:0,&quot;335559740&quot;:240}\">&nbsp;<\/span><\/p>\n\n\n\n<p><span data-contrast=\"auto\">Os deputados federais Afonso Motta e Bibo Nunes e o vereador M\u00e1rcio Bins Ely prestigiaram o evento. Tamb\u00e9m estiveram presentes Manoel Baia Siqueira Neto, presidente do Core-AL; Marcelo Marino Simonetti, presidente do Core-ES; C\u00e9lio Ribeiro da Silva, presidente do Core-GO; <\/span><span data-contrast=\"none\">Mauro Rogerio Martins Marins, diretor-secret\u00e1rio do Core-GO; Jo\u00e3o Carlos Gasparetto, presidente do Core-MT; Marcelo Martino e Silva, presidente do Core-RJ; Luiz Carlos Souza J\u00fanior, diretor-secret\u00e1rio do Core-RJ; Marco Antonio Cardoso Faria, diretor-tesoureiro do Core-RJ; Fernando Hebia Dias, conselheiro da Comiss\u00e3o Fiscal do Core-RJ; Emerson Natal de Almeida, presidente do Core-SE; Davi Aparecido Silva Pereira, presidente do Core-TO; Romeu Capra, diretor-tesoureiro do Core-TO; Ant\u00f4nio Jos\u00e9 Maciel, diretor-secret\u00e1rio do Core-MG; Celso Luis de Andrade, diretor-secret\u00e1rio do Core-PR; F\u00e1bio Lofrano, diretor-tesoureiro do Core-SP; Jos\u00e9 Luiz Abrantes Pereira, diretor-secret\u00e1rio do Core-SP; Orivaldo Besen, vice-presidente do Core-SC; Jos\u00e9 Antunes, conselheiro da Comiss\u00e3o Fiscal do Core-SC; Laureci Volpato, diretor-suplente do Core-SC; e a diretoria executiva do Confere \u2013 Archimedes Cavalcanti J\u00fanior, diretor-presidente; Jo\u00e3o Pedro da Silva Rosa, diretor-secret\u00e1rio; e Sidney Fernandes Gutierrez, diretor-tesoureiro.<\/span><\/p>\n\n\n\n<p><span data-contrast=\"auto\">SEDE<\/span><\/p>\n\n\n\n<p><span data-contrast=\"auto\">A nova sede \u00e9 um pr\u00e9dio moderno, tecnol\u00f3gico e acolhedor, que foi planejado para receber e atender com excel\u00eancia as necessidades dos profissionais da Representa\u00e7\u00e3o Comercial. O espa\u00e7o conta com mais de 1 mil metros\u00b2, divididos em cinco pavimentos, com 25 salas, elevador, Plen\u00e1rio com 36 poltronas, garagem privativa, um amplo terra\u00e7o, onde, brevemente, ser\u00e3o instaladas placas fotovoltaicas para a gera\u00e7\u00e3o de energia el\u00e9trica da sede, gerando economia e sustentabilidade.<\/span><\/p>\n\n\n\n<p><span data-contrast=\"auto\">SOLENIDADE<\/span><\/p>\n\n\n\n<p><span data-contrast=\"auto\">\u201cAntes de darmos in\u00edcio \u00e0 solenidade de inaugura\u00e7\u00e3o, gostaria de prestar minha solidariedade a todos os ga\u00fachos que sofreram com as cheias nas \u00faltimas semanas. Estamos consternados neste momento t\u00e3o dif\u00edcil e torcemos para que as cidades atingidas possam se reestruturar o mais r\u00e1pido poss\u00edvel. Gostaria tamb\u00e9m de estender minhas considera\u00e7\u00f5es aos representantes comerciais destas regi\u00f5es. Como forma de aux\u00edlio \u00e0 \u00e0 categoria, o Core-RS est\u00e1 analisando quais as a\u00e7\u00f5es cab\u00edveis e legais poss\u00edveis para atender os profissionais das cidades atingidas. J\u00e1 preparamos uma equipe para organizar a doa\u00e7\u00e3o dos colaboradores da entidade e estabelecer um espa\u00e7o para receber doa\u00e7\u00f5es de quem mais quiser ajudar, sejam com roupas, produtos de higiene ou alimentos n\u00e3o perec\u00edveis, que ser\u00e3o entregues nos munic\u00edpios afetados. Apesar deste momento dif\u00edcil, hoje \u00e9 um dia festivo para n\u00f3s do Core-RS, pois \u00e9 com imenso orgulho e satisfa\u00e7\u00e3o que nos reunimos para celebrar um marco significativo na hist\u00f3ria deste Conselho. A inaugura\u00e7\u00e3o desta nova sede \u00e9 um testemunho de nosso compromisso cont\u00ednuo em fortalecer e promover a Representa\u00e7\u00e3o Comercial em nosso Estado. Nossa jornada tem sido marcada por dedica\u00e7\u00e3o, trabalho \u00e1rduo e a busca pelo acolhimento ao representante comercial Ga\u00facho. Por fim, em nome do Core-RS e dos demais Diretores, quero dizer que somos gratos a todos que apoiaram, de alguma forma, a cria\u00e7\u00e3o da nova sede. Agradecemos aos conselheiros, \u00e0 comiss\u00e3o que acompanhou as obras, aos colaboradores. Agradecemos ao nosso vice-presidente, Uriel Canarim, que esteve como diretor-presidente de 2005 a 2018, pelos servi\u00e7os prestados ao Core-RS e a sociedade. Hoje, seu nome ser\u00e1 eternizado no Conselho, pois em sua homenagem, a nova plen\u00e1ria da entidade ser\u00e1 intitulada de \u201cUriel Sim\u00f5es Canarim\u201d. Agrade\u00e7o, tamb\u00e9m, a cada um que disponibilizou seu tempo para estar presente nesta inaugura\u00e7\u00e3o\u201d, discursou o presidente do Core-RS, Roberto Salvo.<\/span><\/p>\n\n\n\n<p><span data-contrast=\"auto\">\u201c\u00c9 uma honra iniciar a manh\u00e3 neste ato solene de inaugura\u00e7\u00e3o da nova sede do Core-RS, um evento de destaque na trajet\u00f3ria da Representa\u00e7\u00e3o Comercial e no fortalecimento do setor econ\u00f4mico estadual. Nessa nova etapa, desejo sucesso para o nosso companheiro e diretor-presidente, Roberto Salvo. Contem sempre com o nosso mandato\u201d. Afonso Motta, deputado federal<\/span><\/p>\n\n\n\n<p><span data-contrast=\"auto\">\u201cO Core-RS \u00e9 um Conselho modelar, com as melhores pr\u00e1ticas de gest\u00e3o p\u00fablica, protagonista no Sistema Confere\/Cores e hoje prestigiado por nossos dirigentes e autoridades. Parabenizo, nesta ocasi\u00e3o, os diretores e colaboradores do Core-RS, que trabalharam, diuturnamente, para a inaugura\u00e7\u00e3o dessa sede\u201d. Archimedes Cavalcanti J\u00fanior, diretor-presidente do Co<\/span>nfere<\/p>\n\n\n\n<p><span data-contrast=\"auto\">HOMENAGENS<\/span><\/p>\n\n\n\n<p><span data-contrast=\"auto\">O Confere, por unanimidade de sua Diretoria Executiva, concedeu ao procurador do Core-RS, Cristian Linn Feoli, um certificado, em reconhecimento aos relevantes servi\u00e7os prestados ao Sistema Confere\/Cores, em favor da Representa\u00e7\u00e3o Comercial.<\/span><\/p>\n\n\n\n<p><span data-contrast=\"auto\">O advogado Paulo Cesar Hespanhol tamb\u00e9m foi homenageado com o certificado, em reconhecimento \u00e0 sua not\u00e1vel dedica\u00e7\u00e3o em prol da Representa\u00e7\u00e3o Comercial.<\/span><\/p>\n\n\n\n<p><span data-contrast=\"auto\">O Core-PE homenageou o diretor-secret\u00e1rio do Core-RS, Jos\u00e9 Valdeci Pinto Rodrigues, com o Trof\u00e9u O Mascate, maior honraria do Regional pernambucano.<\/span><\/p>\n","protected":false},"excerpt":{"rendered":"<p>Uma nova fase \u00e9 iniciada na hist\u00f3ria do Core-RS. Na manh\u00e3 dessa segunda-feira, dia 18 de setembro, o Regional ga\u00facho realizou solenidade de inaugura\u00e7\u00e3o da sua nova sede, localizada no bairro Menino de Deus, em Porto Alegre<\/p>\n","protected":false},"author":7,"featured_media":11942,"comment_status":"closed","ping_status":"closed","sticky":false,"template":"","format":"standard","meta":[],"categories":[34,49,17],"tags":[],"_links":{"self":[{"href":"https:\/\/www.confere.org.br\/wordpress\/wp-json\/wp\/v2\/posts\/12003"}],"collection":[{"href":"https:\/\/www.confere.org.br\/wordpress\/wp-json\/wp\/v2\/posts"}],"about":[{"href":"https:\/\/www.confere.org.br\/wordpress\/wp-json\/wp\/v2\/types\/post"}],"author":[{"embeddable":true,"href":"https:\/\/www.confere.org.br\/wordpress\/wp-json\/wp\/v2\/users\/7"}],"replies":[{"embeddable":true,"href":"https:\/\/www.confere.org.br\/wordpress\/wp-json\/wp\/v2\/comments?post=12003"}],"version-history":[{"count":6,"href":"https:\/\/www.confere.org.br\/wordpress\/wp-json\/wp\/v2\/posts\/12003\/revisions"}],"predecessor-version":[{"id":12040,"href":"https:\/\/www.confere.org.br\/wordpress\/wp-json\/wp\/v2\/posts\/12003\/revisions\/12040"}],"wp:featuredmedia":[{"embeddable":true,"href":"https:\/\/www.confere.org.br\/wordpress\/wp-json\/wp\/v2\/media\/11942"}],"wp:attachment":[{"href":"https:\/\/www.confere.org.br\/wordpress\/wp-json\/wp\/v2\/media?parent=12003"}],"wp:term":[{"taxonomy":"category","embeddable":true,"href":"https:\/\/www.confere.org.br\/wordpress\/wp-json\/wp\/v2\/categories?post=12003"},{"taxonomy":"post_tag","embeddable":true,"href":"https:\/\/www.confere.org.br\/wordpress\/wp-json\/wp\/v2\/tags?post=12003"}],"curies":[{"name":"wp","href":"https:\/\/api.w.org\/{rel}","templated":true}]}}