{"id":12037,"date":"2023-09-20T10:29:20","date_gmt":"2023-09-20T13:29:20","guid":{"rendered":"https:\/\/www.confere.org.br\/wordpress\/?p=12037"},"modified":"2023-09-20T10:29:21","modified_gmt":"2023-09-20T13:29:21","slug":"tarifa-reduzida-de-importacao-de-12-produtos-de-aco-subira-em-outubro","status":"publish","type":"post","link":"https:\/\/www.confere.org.br\/wordpress\/tarifa-reduzida-de-importacao-de-12-produtos-de-aco-subira-em-outubro\/","title":{"rendered":"Tarifa reduzida de importa\u00e7\u00e3o de 12 produtos de a\u00e7o subir\u00e1 em outubro"},"content":{"rendered":"\n<p>Um total de 12 produtos de a\u00e7o que estavam com tarifa de importa\u00e7\u00e3o reduzida em 10% desde o ano passado voltar\u00e1 a entrar no pa\u00eds com as al\u00edquotas originais, de 9,6% a 12,8%. O Comit\u00ea Executivo de Gest\u00e3o (Gecex) da C\u00e2mara de Com\u00e9rcio Exterior (Camex) aprovou, nesta ter\u00e7a-feira (19), antecipa\u00e7\u00e3o do fim do benef\u00edcio, que originalmente acabaria em 1\u00ba de janeiro e deixar\u00e1 de vigorar a partir de 1\u00ba de outubro.<img src=\"https:\/\/agenciabrasil.ebc.com.br\/ebc.png?id=1556354&amp;o=node\" \/><img src=\"https:\/\/agenciabrasil.ebc.com.br\/ebc.gif?id=1556354&amp;o=node\" \/><\/p>\n<p>Segundo o Minist\u00e9rio do Desenvolvimento, Ind\u00fastria, Com\u00e9rcio e Servi\u00e7os (MDIC), a medida atende \u00e0 reivindica\u00e7\u00e3o dos fabricantes nacionais de a\u00e7o, que poder\u00e3o competir de maneira mais equilibrada com os produtores internacionais. Nos \u00faltimos anos, informou a pasta, v\u00e1rios pa\u00edses, como a China, passaram a vender ao Brasil a\u00e7o a pre\u00e7os abaixo do mercado porque diversos governos, como M\u00e9xico e Estados Unidos, elevaram as tarifas para barrar essas importa\u00e7\u00f5es.<\/p>\n<p>Os 12 itens que voltar\u00e3o a pagar a tarifa original s\u00e3o os seguintes: bobinas grossas, tr\u00eas tipos de bobinas a quente, dois tipos de bobinas a frio, chapas galvanizadas, chapas revestidas de alum\u00ednio e zinco, fios-m\u00e1quina, barra inox a frio e dois tipos de tubos sem costura.<\/p>\n<p>Segundo o (MDIC), apenas no primeiro semestre deste ano, foram importados 1,5 milh\u00e3o de toneladas desses produtos, com alta de at\u00e9 714% em rela\u00e7\u00e3o ao primeiro semestre de 2022, dependendo do item.<\/p>\n<p>Fonte: Ag\u00eancia Brasil<\/p>\n","protected":false},"excerpt":{"rendered":"<p>Medida pretende melhorar competitividade da ind\u00fastria brasileira<\/p>\n","protected":false},"author":7,"featured_media":12038,"comment_status":"closed","ping_status":"closed","sticky":false,"template":"","format":"standard","meta":[],"categories":[2],"tags":[],"_links":{"self":[{"href":"https:\/\/www.confere.org.br\/wordpress\/wp-json\/wp\/v2\/posts\/12037"}],"collection":[{"href":"https:\/\/www.confere.org.br\/wordpress\/wp-json\/wp\/v2\/posts"}],"about":[{"href":"https:\/\/www.confere.org.br\/wordpress\/wp-json\/wp\/v2\/types\/post"}],"author":[{"embeddable":true,"href":"https:\/\/www.confere.org.br\/wordpress\/wp-json\/wp\/v2\/users\/7"}],"replies":[{"embeddable":true,"href":"https:\/\/www.confere.org.br\/wordpress\/wp-json\/wp\/v2\/comments?post=12037"}],"version-history":[{"count":1,"href":"https:\/\/www.confere.org.br\/wordpress\/wp-json\/wp\/v2\/posts\/12037\/revisions"}],"predecessor-version":[{"id":12039,"href":"https:\/\/www.confere.org.br\/wordpress\/wp-json\/wp\/v2\/posts\/12037\/revisions\/12039"}],"wp:featuredmedia":[{"embeddable":true,"href":"https:\/\/www.confere.org.br\/wordpress\/wp-json\/wp\/v2\/media\/12038"}],"wp:attachment":[{"href":"https:\/\/www.confere.org.br\/wordpress\/wp-json\/wp\/v2\/media?parent=12037"}],"wp:term":[{"taxonomy":"category","embeddable":true,"href":"https:\/\/www.confere.org.br\/wordpress\/wp-json\/wp\/v2\/categories?post=12037"},{"taxonomy":"post_tag","embeddable":true,"href":"https:\/\/www.confere.org.br\/wordpress\/wp-json\/wp\/v2\/tags?post=12037"}],"curies":[{"name":"wp","href":"https:\/\/api.w.org\/{rel}","templated":true}]}}