{"id":1209,"date":"2019-09-19T14:48:30","date_gmt":"2019-09-19T17:48:30","guid":{"rendered":"http:\/\/www.confere.org.br\/wordpress\/?p=1209"},"modified":"2019-11-14T15:37:00","modified_gmt":"2019-11-14T18:37:00","slug":"confere-entrou-com-recurso-no-tcu-contra-o-acordao-no-1925-2019","status":"publish","type":"post","link":"https:\/\/www.confere.org.br\/wordpress\/confere-entrou-com-recurso-no-tcu-contra-o-acordao-no-1925-2019\/","title":{"rendered":"Confere entrou com recurso no TCU contra o ac\u00f3rd\u00e3o n\u00ba 1925\/2019"},"content":{"rendered":"\n<p>O Conselho Federal dos Representantes Comerciais (Confere) entrou com recurso junto ao Tribunal de Contas da Uni\u00e3o contra o ac\u00f3rd\u00e3o n\u00ba 1925\/2019, aprovado na sess\u00e3o de 21\/08\/2019.<\/p>\n\n\n\n<p>Com esta a\u00e7\u00e3o, o Confere busca a reforma do ac\u00f3rd\u00e3o no que diz respeito a itens que s\u00e3o prejudiciais \u00e0 gest\u00e3o das entidades fiscalizadoras do exerc\u00edcio profissional.<\/p>\n","protected":false},"excerpt":{"rendered":"<p>O Conselho Federal dos Representantes Comerciais (Confere) entrou com recurso junto ao Tribunal de Contas da Uni\u00e3o contra o ac\u00f3rd\u00e3o n\u00ba 1925\/2019, aprovado na sess\u00e3o de 21\/08\/2019. Com esta a\u00e7\u00e3o, o Confere busca a reforma do ac\u00f3rd\u00e3o no que diz respeito a itens que s\u00e3o prejudiciais \u00e0 gest\u00e3o das entidades fiscalizadoras do exerc\u00edcio profissional.<\/p>\n","protected":false},"author":1,"featured_media":1237,"comment_status":"closed","ping_status":"open","sticky":false,"template":"","format":"standard","meta":[],"categories":[34],"tags":[],"_links":{"self":[{"href":"https:\/\/www.confere.org.br\/wordpress\/wp-json\/wp\/v2\/posts\/1209"}],"collection":[{"href":"https:\/\/www.confere.org.br\/wordpress\/wp-json\/wp\/v2\/posts"}],"about":[{"href":"https:\/\/www.confere.org.br\/wordpress\/wp-json\/wp\/v2\/types\/post"}],"author":[{"embeddable":true,"href":"https:\/\/www.confere.org.br\/wordpress\/wp-json\/wp\/v2\/users\/1"}],"replies":[{"embeddable":true,"href":"https:\/\/www.confere.org.br\/wordpress\/wp-json\/wp\/v2\/comments?post=1209"}],"version-history":[{"count":1,"href":"https:\/\/www.confere.org.br\/wordpress\/wp-json\/wp\/v2\/posts\/1209\/revisions"}],"predecessor-version":[{"id":1213,"href":"https:\/\/www.confere.org.br\/wordpress\/wp-json\/wp\/v2\/posts\/1209\/revisions\/1213"}],"wp:featuredmedia":[{"embeddable":true,"href":"https:\/\/www.confere.org.br\/wordpress\/wp-json\/wp\/v2\/media\/1237"}],"wp:attachment":[{"href":"https:\/\/www.confere.org.br\/wordpress\/wp-json\/wp\/v2\/media?parent=1209"}],"wp:term":[{"taxonomy":"category","embeddable":true,"href":"https:\/\/www.confere.org.br\/wordpress\/wp-json\/wp\/v2\/categories?post=1209"},{"taxonomy":"post_tag","embeddable":true,"href":"https:\/\/www.confere.org.br\/wordpress\/wp-json\/wp\/v2\/tags?post=1209"}],"curies":[{"name":"wp","href":"https:\/\/api.w.org\/{rel}","templated":true}]}}