{"id":12210,"date":"2023-10-13T10:20:47","date_gmt":"2023-10-13T13:20:47","guid":{"rendered":"https:\/\/www.confere.org.br\/wordpress\/?p=12210"},"modified":"2024-12-27T09:25:24","modified_gmt":"2024-12-27T12:25:24","slug":"eleicao-core-ro-trienio-2024-2027%ef%bf%bc","status":"publish","type":"post","link":"https:\/\/www.confere.org.br\/wordpress\/eleicao-core-ro-trienio-2024-2027%ef%bf%bc\/","title":{"rendered":"ELEI\u00c7\u00c3O CORE-RO &#8211; TRI\u00caNIO 2024\/2027"},"content":{"rendered":"\n<ol>\n<li>Edital de Convoca\u00e7\u00e3o<\/li>\n<\/ol>\n<p><a href=\"https:\/\/www.confere.org.br\/wordpress\/wp-content\/uploads\/2023\/10\/Edital-de-Convocacao-Diario-da-Amazonia-10.10.2023.pdf\">Publica\u00e7\u00e3o do Di\u00e1rio da Amaz\u00f4nia de 10.10.2023\u00a0<\/a><\/p>\n<p><a href=\"https:\/\/www.confere.org.br\/wordpress\/wp-content\/uploads\/2023\/10\/Edital-de-Convocacao-Diario-Oficial-do-Estado-de-Rondonia-11.10.2023.pdf\">Publica\u00e7\u00e3o do Di\u00e1rio Oficial do Estado de Rond\u00f4nia de 11.10.2023<\/a><\/p>\n<ol start=\"2\">\n<li><a href=\"https:\/\/www.confere.org.br\/wordpress\/wp-content\/uploads\/2023\/10\/Regulamento-Eleitoral-Eleicao-Core-RO.pdf\">Regulamento Eleitoral<\/a><\/li>\n<li><a href=\"https:\/\/www.confere.org.br\/wordpress\/wp-content\/uploads\/2023\/10\/REQUERIMENTO-REGISTRO-DE-CHAPA-CORE-RO.pdf\">Requerimento de Registro de Chapa<\/a><\/li>\n<li><a href=\"https:\/\/www.confere.org.br\/wordpress\/wp-content\/uploads\/2023\/10\/DECLARACAO-DE-AQUIESCENCIA-CORE-RO.pdf\">Declara\u00e7\u00e3o de Aquiesc\u00eancia<\/a><\/li>\n<li><a href=\"https:\/\/www.confere.org.br\/wordpress\/wp-content\/uploads\/2023\/10\/Ficha-de-Qualificacao-de-Candidato-Core-RO.pdf\">Ficha de Qualifica\u00e7\u00e3o<\/a><\/li>\n<li><a href=\"https:\/\/www.confere.org.br\/wordpress\/wp-content\/uploads\/2023\/10\/DECLARACAO-DE-DESIMPEDIMENTO.pdf\">Declara\u00e7\u00e3o de Desimpedimento<\/a><\/li>\n<li>\n<div class=\"x_elementToProof\">Aviso de Registro de Chapa<\/div>\n<div class=\"x_elementToProof\">. <a href=\"https:\/\/www.confere.org.br\/wordpress\/wp-content\/uploads\/2023\/11\/EDITAL-Diario-Oficial-06-11-2023-Republicacao.pdf\">Di\u00e1rio Oficial do Estado de Rond\u00f4nia &#8211; 06.11.2023<\/a><\/div>\n<div class=\"x_elementToProof\">. <a href=\"https:\/\/www.confere.org.br\/wordpress\/wp-content\/uploads\/2023\/11\/Edital-Jornal-06.11.23-Republicacao.pdf\">Jornal Di\u00e1rio da Amaz\u00f4nia &#8211; 06.11.2023<\/a><\/div>\n<\/li>\n<\/ol>\n","protected":false},"excerpt":{"rendered":"<p>Processo Eleitoral para composi\u00e7\u00e3o do Core-RO<\/p>\n","protected":false},"author":3,"featured_media":0,"comment_status":"closed","ping_status":"closed","sticky":false,"template":"","format":"standard","meta":[],"categories":[43],"tags":[],"_links":{"self":[{"href":"https:\/\/www.confere.org.br\/wordpress\/wp-json\/wp\/v2\/posts\/12210"}],"collection":[{"href":"https:\/\/www.confere.org.br\/wordpress\/wp-json\/wp\/v2\/posts"}],"about":[{"href":"https:\/\/www.confere.org.br\/wordpress\/wp-json\/wp\/v2\/types\/post"}],"author":[{"embeddable":true,"href":"https:\/\/www.confere.org.br\/wordpress\/wp-json\/wp\/v2\/users\/3"}],"replies":[{"embeddable":true,"href":"https:\/\/www.confere.org.br\/wordpress\/wp-json\/wp\/v2\/comments?post=12210"}],"version-history":[{"count":4,"href":"https:\/\/www.confere.org.br\/wordpress\/wp-json\/wp\/v2\/posts\/12210\/revisions"}],"predecessor-version":[{"id":12327,"href":"https:\/\/www.confere.org.br\/wordpress\/wp-json\/wp\/v2\/posts\/12210\/revisions\/12327"}],"wp:attachment":[{"href":"https:\/\/www.confere.org.br\/wordpress\/wp-json\/wp\/v2\/media?parent=12210"}],"wp:term":[{"taxonomy":"category","embeddable":true,"href":"https:\/\/www.confere.org.br\/wordpress\/wp-json\/wp\/v2\/categories?post=12210"},{"taxonomy":"post_tag","embeddable":true,"href":"https:\/\/www.confere.org.br\/wordpress\/wp-json\/wp\/v2\/tags?post=12210"}],"curies":[{"name":"wp","href":"https:\/\/api.w.org\/{rel}","templated":true}]}}