{"id":12252,"date":"2023-10-20T15:31:32","date_gmt":"2023-10-20T18:31:32","guid":{"rendered":"https:\/\/www.confere.org.br\/wordpress\/?p=12252"},"modified":"2024-06-13T14:51:36","modified_gmt":"2024-06-13T17:51:36","slug":"dispensa-eletronica-no-033-2023-licenca-adobe","status":"publish","type":"post","link":"https:\/\/www.confere.org.br\/wordpress\/dispensa-eletronica-no-033-2023-licenca-adobe\/","title":{"rendered":"Dispensa Eletr\u00f4nica n\u00ba 033\/2023 &#8211; LICEN\u00c7A ADOBE"},"content":{"rendered":"\n<ul>\n<li><a href=\"https:\/\/www.confere.org.br\/wordpress\/wp-content\/uploads\/2023\/10\/Termo_de_Referencia___Prestacao_de_Servicos.pdf\"><span class=\"x_x_ContentPasted0 x_ContentPasted0\">Termo de Refer\u00eancia<\/span><\/a><\/li>\n<li><a href=\"https:\/\/www.confere.org.br\/wordpress\/wp-content\/uploads\/2023\/10\/REGRAS-GERAIS.pdf\">Regras Gerais<\/a><\/li>\n<li><a href=\"https:\/\/www.confere.org.br\/wordpress\/wp-content\/uploads\/2023\/10\/ANEXO-I.pdf\">Anexo I<\/a><\/li>\n<li><a href=\"https:\/\/www.confere.org.br\/wordpress\/wp-content\/uploads\/2023\/10\/ANEXO-II.pdf\">Anexo II<\/a><\/li>\n<li><a href=\"https:\/\/www.confere.org.br\/wordpress\/wp-content\/uploads\/2023\/10\/ANEXO-III.pdf\">Anexo III<\/a><\/li>\n<li class=\"x_elementToProof\"><span class=\"x_x_ContentPasted0 x_x_ContentPasted1 x_ContentPasted0 x_ContentPasted1\">Link PNCP:\u00a0<a id=\"LPNoLPOWALinkPreview\" class=\"x_OWAAutoLink\" href=\"https:\/\/pncp.gov.br\/app\/editais\/34046367000168\/2023\/44\" target=\"_blank\" rel=\"noopener noreferrer\" data-auth=\"NotApplicable\" data-linkindex=\"0\">https:\/\/pncp.gov.br\/app\/editais\/34046367000168\/2023\/44<\/a><\/span><\/li>\n<li><a href=\"https:\/\/www.confere.org.br\/wordpress\/wp-content\/uploads\/2023\/10\/Autorizacao-Ordenador-de-Despesas-licenca-adobe.pdf\"><span class=\"x_ContentPasted0\">Autoriza\u00e7\u00e3o do Ordenador de Despesa<\/span><\/a><\/li>\n<li class=\"x_elementToProof\"><span class=\"x_x_ContentPasted0 x_ContentPasted0\">Data da sess\u00e3o: 31\/10\/2023<\/span><\/li>\n<li>22\/11\/2023\u00a0&#8211; <a href=\"https:\/\/www.confere.org.br\/wordpress\/wp-content\/uploads\/2024\/06\/relatorio-Dispensa-Eletronica-no-033.2023-LICENCA-ADOBE.pdf\">RELAT\u00d3RIO HOMOLOGADO<\/a><\/li>\n<\/ul>\n\n\n","protected":false},"excerpt":{"rendered":"<p>Termo de Refer\u00eancia Regras Gerais Anexo I Anexo II Anexo III Link PNCP:\u00a0https:\/\/pncp.gov.br\/app\/editais\/34046367000168\/2023\/44 Autoriza\u00e7\u00e3o do Ordenador de Despesa Data da sess\u00e3o: 31\/10\/2023 22\/11\/2023\u00a0&#8211; RELAT\u00d3RIO HOMOLOGADO<\/p>\n","protected":false},"author":3,"featured_media":0,"comment_status":"closed","ping_status":"closed","sticky":false,"template":"","format":"standard","meta":[],"categories":[60],"tags":[],"_links":{"self":[{"href":"https:\/\/www.confere.org.br\/wordpress\/wp-json\/wp\/v2\/posts\/12252"}],"collection":[{"href":"https:\/\/www.confere.org.br\/wordpress\/wp-json\/wp\/v2\/posts"}],"about":[{"href":"https:\/\/www.confere.org.br\/wordpress\/wp-json\/wp\/v2\/types\/post"}],"author":[{"embeddable":true,"href":"https:\/\/www.confere.org.br\/wordpress\/wp-json\/wp\/v2\/users\/3"}],"replies":[{"embeddable":true,"href":"https:\/\/www.confere.org.br\/wordpress\/wp-json\/wp\/v2\/comments?post=12252"}],"version-history":[{"count":3,"href":"https:\/\/www.confere.org.br\/wordpress\/wp-json\/wp\/v2\/posts\/12252\/revisions"}],"predecessor-version":[{"id":13717,"href":"https:\/\/www.confere.org.br\/wordpress\/wp-json\/wp\/v2\/posts\/12252\/revisions\/13717"}],"wp:attachment":[{"href":"https:\/\/www.confere.org.br\/wordpress\/wp-json\/wp\/v2\/media?parent=12252"}],"wp:term":[{"taxonomy":"category","embeddable":true,"href":"https:\/\/www.confere.org.br\/wordpress\/wp-json\/wp\/v2\/categories?post=12252"},{"taxonomy":"post_tag","embeddable":true,"href":"https:\/\/www.confere.org.br\/wordpress\/wp-json\/wp\/v2\/tags?post=12252"}],"curies":[{"name":"wp","href":"https:\/\/api.w.org\/{rel}","templated":true}]}}