{"id":12299,"date":"2023-11-03T10:38:23","date_gmt":"2023-11-03T13:38:23","guid":{"rendered":"https:\/\/www.confere.org.br\/wordpress\/?p=12299"},"modified":"2024-12-27T09:25:13","modified_gmt":"2024-12-27T12:25:13","slug":"eleicao-core-rs-trienio-2024-2027","status":"publish","type":"post","link":"https:\/\/www.confere.org.br\/wordpress\/eleicao-core-rs-trienio-2024-2027\/","title":{"rendered":"ELEI\u00c7\u00c3O CORE-RS &#8211; TRI\u00caNIO 2024\/2027"},"content":{"rendered":"\n<p><a href=\"https:\/\/www.confere.org.br\/wordpress\/wp-content\/uploads\/2023\/11\/RESOLUCAO_2096_2023-1.pdf\">Resolu\u00e7\u00e3o n\u00ba 2.096\/2023<\/a> &#8211; Disp\u00f5e sobre o processo eleitoral pelo voto direto para composi\u00e7\u00e3o do Conselho Regional dos Representantes Comerciais no Estado do Rio Grande do Sul &#8211; Core-RS.<\/p>\n<p>Edital de Convoca\u00e7\u00e3o<\/p>\n<p><a href=\"https:\/\/www.confere.org.br\/wordpress\/wp-content\/uploads\/2023\/11\/DOU.pdf\">\u00a0&#8211; Publica\u00e7\u00e3o do Di\u00e1rio Oficial da Uni\u00e3o, de 03.11.2023<\/a><\/p>\n<p><a href=\"https:\/\/www.confere.org.br\/wordpress\/wp-content\/uploads\/2023\/11\/JORNAL-CORREIO-DO-POVO_-CONFERE-03-11-2023.pdf\">&#8211; Publica\u00e7\u00e3o no jornal &#8220;Correio do Povo&#8221;, de 03.11.2023<\/a><\/p>\n<p><a href=\"https:\/\/www.confere.org.br\/wordpress\/wp-content\/uploads\/2023\/11\/REGULAMENTO-ELEITORAL-CORE-RS.pdf\">Regulamento Eleitoral<\/a><\/p>\n<p><a href=\"https:\/\/www.confere.org.br\/wordpress\/wp-content\/uploads\/2023\/11\/REQUERIMENTO-REGISTRO-DE-CHAPA-CORE-RS-2-1.pdf\">Requerimento de Registro de Chapa<\/a><\/p>\n<p><a href=\"https:\/\/www.confere.org.br\/wordpress\/wp-content\/uploads\/2023\/11\/DECLARACAO-DE-AQUIESCENCIA-CORE-RS-1-1.pdf\">Declara\u00e7\u00e3o de Aquiesc\u00eancia<\/a><\/p>\n<p><a href=\"https:\/\/www.confere.org.br\/wordpress\/wp-content\/uploads\/2023\/11\/Ficha-de-Qualificacao-de-Candidato-Core-RS-2-1.pdf\">Ficha de Qualifica\u00e7\u00e3o<\/a><\/p>\n<p><a href=\"https:\/\/www.confere.org.br\/wordpress\/wp-content\/uploads\/2023\/11\/RESOLUCAO_2097_2023.pdf\">Resolu\u00e7\u00e3o n\u00ba 2.097\/2023<\/a> &#8211; Nomea\u00e7\u00e3o de substituto para a Comiss\u00e3o Eleitoral do pleito para composi\u00e7\u00e3o do Core-RS.<\/p>\n<p>Aviso de Registro de Chapas<br \/><a href=\"https:\/\/www.confere.org.br\/wordpress\/wp-content\/uploads\/2023\/11\/DOU-regitro-de-chapas.pdf\">Publica\u00e7\u00e3o no Di\u00e1rio Oficial da Uni\u00e3o &#8211; 24\/11\/2023<\/a><\/p>\n<p><a href=\"https:\/\/www.confere.org.br\/wordpress\/wp-content\/uploads\/2023\/11\/Correio-do-Povo.pdf\">Publica\u00e7\u00e3o no Jornal Correio do Povo &#8211; 24\/11\/2023<\/a><\/p>\n<p><a href=\"https:\/\/www.confere.org.br\/wordpress\/wp-content\/uploads\/2023\/12\/Chapas-Eleicao-CORE-RS.pdf\">COMUNICADO \u00c0S CHAPAS CANDIDATAS AO PLEITO PARA <\/a><br \/><a href=\"https:\/\/www.confere.org.br\/wordpress\/wp-content\/uploads\/2023\/12\/Chapas-Eleicao-CORE-RS.pdf\">COMPOSI\u00c7\u00c3O DO CORE-RS &#8211; TRI\u00caNIO 2024\/2027<\/a><br \/><a href=\"https:\/\/www.confere.org.br\/wordpress\/wp-content\/uploads\/2023\/12\/Chapas-Eleicao-CORE-RS.pdf\">Ref. Realiza\u00e7\u00e3o de propaganda eleitoral.<\/a><\/p>\n<p><a href=\"https:\/\/www.confere.org.br\/wordpress\/wp-content\/uploads\/2023\/12\/Resoluc-Mesa.pdf\">Resolu\u00e7\u00e3o n\u00ba 2.098\/2023<\/a><br \/>Institui a 2\u00aa Mesa Receptora\/Apuradora <br \/>da elei\u00e7\u00e3o para composi\u00e7\u00e3o do Core-RS, <br \/>tri\u00eanio 2024\/2027.<\/p>\n<p>\u00a0<\/p>\n<p>\u00a0<\/p>\n","protected":false},"excerpt":{"rendered":"<p>Processo Eleitoral para composi\u00e7\u00e3o do Core-RS<\/p>\n","protected":false},"author":3,"featured_media":0,"comment_status":"closed","ping_status":"closed","sticky":false,"template":"","format":"standard","meta":[],"categories":[43],"tags":[],"_links":{"self":[{"href":"https:\/\/www.confere.org.br\/wordpress\/wp-json\/wp\/v2\/posts\/12299"}],"collection":[{"href":"https:\/\/www.confere.org.br\/wordpress\/wp-json\/wp\/v2\/posts"}],"about":[{"href":"https:\/\/www.confere.org.br\/wordpress\/wp-json\/wp\/v2\/types\/post"}],"author":[{"embeddable":true,"href":"https:\/\/www.confere.org.br\/wordpress\/wp-json\/wp\/v2\/users\/3"}],"replies":[{"embeddable":true,"href":"https:\/\/www.confere.org.br\/wordpress\/wp-json\/wp\/v2\/comments?post=12299"}],"version-history":[{"count":11,"href":"https:\/\/www.confere.org.br\/wordpress\/wp-json\/wp\/v2\/posts\/12299\/revisions"}],"predecessor-version":[{"id":12523,"href":"https:\/\/www.confere.org.br\/wordpress\/wp-json\/wp\/v2\/posts\/12299\/revisions\/12523"}],"wp:attachment":[{"href":"https:\/\/www.confere.org.br\/wordpress\/wp-json\/wp\/v2\/media?parent=12299"}],"wp:term":[{"taxonomy":"category","embeddable":true,"href":"https:\/\/www.confere.org.br\/wordpress\/wp-json\/wp\/v2\/categories?post=12299"},{"taxonomy":"post_tag","embeddable":true,"href":"https:\/\/www.confere.org.br\/wordpress\/wp-json\/wp\/v2\/tags?post=12299"}],"curies":[{"name":"wp","href":"https:\/\/api.w.org\/{rel}","templated":true}]}}