{"id":12371,"date":"2023-11-14T15:05:10","date_gmt":"2023-11-14T18:05:10","guid":{"rendered":"https:\/\/www.confere.org.br\/wordpress\/?p=12371"},"modified":"2023-12-04T09:09:38","modified_gmt":"2023-12-04T12:09:38","slug":"dispensa-eletronica-no-037-2023-contratacao-de-estagiarios","status":"publish","type":"post","link":"https:\/\/www.confere.org.br\/wordpress\/dispensa-eletronica-no-037-2023-contratacao-de-estagiarios\/","title":{"rendered":"Dispensa Eletr\u00f4nica n\u00ba 037\/2023 &#8211; Contrata\u00e7\u00e3o de Estagi\u00e1rios"},"content":{"rendered":"\n<div>\n<ul>\n<li><a href=\"https:\/\/www.confere.org.br\/wordpress\/wp-content\/uploads\/2023\/11\/TR-Contratacao-de-Estagiarios.pdf\">Termo de Refer\u00eancia<\/a><\/li>\n<li>Link PNCP:\u00a0<a id=\"LPlnk802927\" class=\"x_OWAAutoLink\" href=\"https:\/\/pncp.gov.br\/app\/editais\/34046367000168\/2023\/47\" target=\"_blank\" rel=\"noopener noreferrer\" data-auth=\"NotApplicable\" data-loopstyle=\"linkonly\" data-linkindex=\"0\">https:\/\/pncp.gov.br\/app\/editais\/34046367000168\/2023\/47<\/a><\/li>\n<li><a href=\"https:\/\/www.confere.org.br\/wordpress\/wp-content\/uploads\/2023\/11\/Autorizacao-do-Ordenador-de-Despesa.pdf\">Autoriza\u00e7\u00e3o do Ordenador de Despesa<\/a><\/li>\n<li>Data da sess\u00e3o: 22\/11\/2023<\/li>\n<li><a href=\"https:\/\/www.confere.org.br\/wordpress\/wp-content\/uploads\/2023\/12\/relatorio-dispensa-38904706000372023-1.pdf\">01\/12\/2023 &#8211; RELAT\u00d3RIO HOMOLOGADO<\/a><\/li>\n<\/ul>\n<\/div>\n","protected":false},"excerpt":{"rendered":"<p>Termo de Refer\u00eancia Link PNCP:\u00a0https:\/\/pncp.gov.br\/app\/editais\/34046367000168\/2023\/47 Autoriza\u00e7\u00e3o do Ordenador de Despesa Data da sess\u00e3o: 22\/11\/2023 01\/12\/2023 &#8211; RELAT\u00d3RIO HOMOLOGADO<\/p>\n","protected":false},"author":7,"featured_media":0,"comment_status":"closed","ping_status":"closed","sticky":false,"template":"","format":"standard","meta":[],"categories":[60],"tags":[],"_links":{"self":[{"href":"https:\/\/www.confere.org.br\/wordpress\/wp-json\/wp\/v2\/posts\/12371"}],"collection":[{"href":"https:\/\/www.confere.org.br\/wordpress\/wp-json\/wp\/v2\/posts"}],"about":[{"href":"https:\/\/www.confere.org.br\/wordpress\/wp-json\/wp\/v2\/types\/post"}],"author":[{"embeddable":true,"href":"https:\/\/www.confere.org.br\/wordpress\/wp-json\/wp\/v2\/users\/7"}],"replies":[{"embeddable":true,"href":"https:\/\/www.confere.org.br\/wordpress\/wp-json\/wp\/v2\/comments?post=12371"}],"version-history":[{"count":2,"href":"https:\/\/www.confere.org.br\/wordpress\/wp-json\/wp\/v2\/posts\/12371\/revisions"}],"predecessor-version":[{"id":12447,"href":"https:\/\/www.confere.org.br\/wordpress\/wp-json\/wp\/v2\/posts\/12371\/revisions\/12447"}],"wp:attachment":[{"href":"https:\/\/www.confere.org.br\/wordpress\/wp-json\/wp\/v2\/media?parent=12371"}],"wp:term":[{"taxonomy":"category","embeddable":true,"href":"https:\/\/www.confere.org.br\/wordpress\/wp-json\/wp\/v2\/categories?post=12371"},{"taxonomy":"post_tag","embeddable":true,"href":"https:\/\/www.confere.org.br\/wordpress\/wp-json\/wp\/v2\/tags?post=12371"}],"curies":[{"name":"wp","href":"https:\/\/api.w.org\/{rel}","templated":true}]}}