{"id":12381,"date":"2023-11-16T12:01:02","date_gmt":"2023-11-16T15:01:02","guid":{"rendered":"https:\/\/www.confere.org.br\/wordpress\/?p=12381"},"modified":"2024-06-13T14:53:11","modified_gmt":"2024-06-13T17:53:11","slug":"dispensa-eletronica-no-038-2023-licenca-photoshop","status":"publish","type":"post","link":"https:\/\/www.confere.org.br\/wordpress\/dispensa-eletronica-no-038-2023-licenca-photoshop\/","title":{"rendered":"Dispensa Eletr\u00f4nica N\u00ba 038\/2023 &#8211; LICEN\u00c7A PHOTOSHOP"},"content":{"rendered":"\n<ul>\n<li><a href=\"https:\/\/www.confere.org.br\/wordpress\/wp-content\/uploads\/2023\/11\/SEI_0001912_Termo_de_Referencia___Prestacao_de_Servicos.pdf\">Termo de Refer\u00eancia<\/a><\/li>\n<li>Link PNCP:\u00a0<a id=\"LPlnk859762\" class=\"x_OWAAutoLink\" href=\"https:\/\/pncp.gov.br\/app\/editais\/34046367000168\/2023\/48\" target=\"_blank\" rel=\"noopener noreferrer\" data-auth=\"NotApplicable\" data-loopstyle=\"linkonly\" data-linkindex=\"0\">https:\/\/pncp.gov.br\/app\/editais\/34046367000168\/2023\/48<\/a><\/li>\n<li><a href=\"https:\/\/www.confere.org.br\/wordpress\/wp-content\/uploads\/2023\/11\/AUTORIZA_CONTATACAO_DIRETA.pdf\">Autoriza\u00e7\u00e3o do Ordenador de Despesa<\/a><\/li>\n<li>Data da sess\u00e3o: 22\/11\/2023<\/li>\n<li>07\/12\/2023\u00a0&#8211; <a href=\"https:\/\/www.confere.org.br\/wordpress\/wp-content\/uploads\/2024\/06\/relatorio-Dispensa-Eletronica-No-038.2023-LICENCA-PHOTOSHOP.pdf\">RELAT\u00d3RIO HOMOLOGADO<\/a><\/li>\n<\/ul>\n","protected":false},"excerpt":{"rendered":"<p>Termo de Refer\u00eancia Link PNCP:\u00a0https:\/\/pncp.gov.br\/app\/editais\/34046367000168\/2023\/48 Autoriza\u00e7\u00e3o do Ordenador de Despesa Data da sess\u00e3o: 22\/11\/2023 07\/12\/2023\u00a0&#8211; RELAT\u00d3RIO HOMOLOGADO<\/p>\n","protected":false},"author":7,"featured_media":0,"comment_status":"closed","ping_status":"closed","sticky":false,"template":"","format":"standard","meta":[],"categories":[60],"tags":[],"_links":{"self":[{"href":"https:\/\/www.confere.org.br\/wordpress\/wp-json\/wp\/v2\/posts\/12381"}],"collection":[{"href":"https:\/\/www.confere.org.br\/wordpress\/wp-json\/wp\/v2\/posts"}],"about":[{"href":"https:\/\/www.confere.org.br\/wordpress\/wp-json\/wp\/v2\/types\/post"}],"author":[{"embeddable":true,"href":"https:\/\/www.confere.org.br\/wordpress\/wp-json\/wp\/v2\/users\/7"}],"replies":[{"embeddable":true,"href":"https:\/\/www.confere.org.br\/wordpress\/wp-json\/wp\/v2\/comments?post=12381"}],"version-history":[{"count":2,"href":"https:\/\/www.confere.org.br\/wordpress\/wp-json\/wp\/v2\/posts\/12381\/revisions"}],"predecessor-version":[{"id":13719,"href":"https:\/\/www.confere.org.br\/wordpress\/wp-json\/wp\/v2\/posts\/12381\/revisions\/13719"}],"wp:attachment":[{"href":"https:\/\/www.confere.org.br\/wordpress\/wp-json\/wp\/v2\/media?parent=12381"}],"wp:term":[{"taxonomy":"category","embeddable":true,"href":"https:\/\/www.confere.org.br\/wordpress\/wp-json\/wp\/v2\/categories?post=12381"},{"taxonomy":"post_tag","embeddable":true,"href":"https:\/\/www.confere.org.br\/wordpress\/wp-json\/wp\/v2\/tags?post=12381"}],"curies":[{"name":"wp","href":"https:\/\/api.w.org\/{rel}","templated":true}]}}