{"id":12400,"date":"2023-11-23T11:11:33","date_gmt":"2023-11-23T14:11:33","guid":{"rendered":"https:\/\/www.confere.org.br\/wordpress\/?p=12400"},"modified":"2024-01-17T10:22:19","modified_gmt":"2024-01-17T13:22:19","slug":"dispensa-eletronica-no-039-2023-site-manaus-am","status":"publish","type":"post","link":"https:\/\/www.confere.org.br\/wordpress\/dispensa-eletronica-no-039-2023-site-manaus-am\/","title":{"rendered":"Dispensa Eletr\u00f4nica n\u00ba 039\/2023 &#8211; Site Manaus\/AM"},"content":{"rendered":"\n<ul><li><a href=\"https:\/\/www.confere.org.br\/wordpress\/wp-content\/uploads\/2023\/11\/SEI_0002022_Termo_de_Referencia___Prestacao_de_Servicos.pdf\">Termo de Refer\u00eancia<\/a><\/li><li><a href=\"https:\/\/www.confere.org.br\/wordpress\/wp-content\/uploads\/2023\/11\/SEI_0002023_Anexo.pdf\">Anexo I &#8211; Especifica\u00e7\u00f5es T\u00e9cnicas<\/a><\/li><li><a href=\"https:\/\/www.confere.org.br\/wordpress\/wp-content\/uploads\/2023\/11\/SEI_0002024_Anexo.pdf\">Anexo II &#8211; Modelo de Proposta de Pre\u00e7os<\/a><\/li><li>Link PNCP:\u00a0<a rel=\"noreferrer noopener\" href=\"https:\/\/pncp.gov.br\/app\/editais\/34046367000168\/2023\/49\" target=\"_blank\">https:\/\/pncp.gov.br\/app\/editais\/34046367000168\/2023\/49<\/a><\/li><li><a href=\"https:\/\/www.confere.org.br\/wordpress\/wp-content\/uploads\/2023\/11\/DESPACHO_TR_SITE_CORE_AM_assinado_editado.pdf\">Autoriza\u00e7\u00e3o do Ordenador de Despesa<\/a><\/li><li>Data da sess\u00e3o: 04\/12\/2023<\/li><li><a href=\"https:\/\/www.confere.org.br\/wordpress\/wp-content\/uploads\/2024\/01\/relatorio-dispensa-38904706000392023.pdf\" target=\"_blank\" rel=\"noreferrer noopener\">19\/12\/2023 &#8211; RELAT\u00d3RIO\u00a0HOMOLOGADO<\/a><\/li><\/ul>\n\n\n","protected":false},"excerpt":{"rendered":"<p>Termo de Refer\u00eancia Anexo I &#8211; Especifica\u00e7\u00f5es T\u00e9cnicas Anexo II &#8211; Modelo de Proposta de Pre\u00e7os Link PNCP:\u00a0https:\/\/pncp.gov.br\/app\/editais\/34046367000168\/2023\/49 Autoriza\u00e7\u00e3o do Ordenador de Despesa Data da sess\u00e3o: 04\/12\/2023 19\/12\/2023 &#8211; RELAT\u00d3RIO\u00a0HOMOLOGADO<\/p>\n","protected":false},"author":3,"featured_media":0,"comment_status":"closed","ping_status":"closed","sticky":false,"template":"","format":"standard","meta":[],"categories":[60],"tags":[],"_links":{"self":[{"href":"https:\/\/www.confere.org.br\/wordpress\/wp-json\/wp\/v2\/posts\/12400"}],"collection":[{"href":"https:\/\/www.confere.org.br\/wordpress\/wp-json\/wp\/v2\/posts"}],"about":[{"href":"https:\/\/www.confere.org.br\/wordpress\/wp-json\/wp\/v2\/types\/post"}],"author":[{"embeddable":true,"href":"https:\/\/www.confere.org.br\/wordpress\/wp-json\/wp\/v2\/users\/3"}],"replies":[{"embeddable":true,"href":"https:\/\/www.confere.org.br\/wordpress\/wp-json\/wp\/v2\/comments?post=12400"}],"version-history":[{"count":2,"href":"https:\/\/www.confere.org.br\/wordpress\/wp-json\/wp\/v2\/posts\/12400\/revisions"}],"predecessor-version":[{"id":12768,"href":"https:\/\/www.confere.org.br\/wordpress\/wp-json\/wp\/v2\/posts\/12400\/revisions\/12768"}],"wp:attachment":[{"href":"https:\/\/www.confere.org.br\/wordpress\/wp-json\/wp\/v2\/media?parent=12400"}],"wp:term":[{"taxonomy":"category","embeddable":true,"href":"https:\/\/www.confere.org.br\/wordpress\/wp-json\/wp\/v2\/categories?post=12400"},{"taxonomy":"post_tag","embeddable":true,"href":"https:\/\/www.confere.org.br\/wordpress\/wp-json\/wp\/v2\/tags?post=12400"}],"curies":[{"name":"wp","href":"https:\/\/api.w.org\/{rel}","templated":true}]}}