{"id":1241,"date":"2019-07-12T15:55:47","date_gmt":"2019-07-12T18:55:47","guid":{"rendered":"http:\/\/www.confere.org.br\/wordpress\/?p=1241"},"modified":"2019-11-14T16:11:48","modified_gmt":"2019-11-14T19:11:48","slug":"atuacao-do-confere-no-congresso-nacional","status":"publish","type":"post","link":"https:\/\/www.confere.org.br\/wordpress\/atuacao-do-confere-no-congresso-nacional\/","title":{"rendered":"Atua\u00e7\u00e3o do Confere no Congresso Nacional"},"content":{"rendered":"\n<p> Sistema Confere\/Cores em atua\u00e7\u00e3o em Bras\u00edlia O diretor-presidente do Confere, Manoel Affonso Mendes, esteve presente em Bras\u00edlia, nos dias 24 de abril, e nos dias 4 e 17 de junho, para debater com parlamentares assuntos de interesse da categoria dos representantes comerciais. \u201c\u00c9 necess\u00e1rio sensibilizar os parlamentares e promover a manuten\u00e7\u00e3o dos direitos dos representantes comerciais. Para isso, estamos construindo, junto com expressiva participa\u00e7\u00e3o dos presidentes dos Cores, o fortalecimento do Sistema Confere\/Cores e da nossa categoria\u201d, enfatizou o diretor-presidente do Confere. <\/p>\n\n\n\n<h4> 24 de abril  &#8211; Reuni\u00e3o com o senador Humberto Costa (PT-PE) <\/h4>\n\n\n\n<p> Manoel Affonso Mendes, diretor-presidente do Confere; Archimedes Cavalcanti J\u00fanior, diretor-presidente do Core-PE; e o senador Humberto Costa <\/p>\n\n\n\n<figure class=\"wp-block-image\"><img width=\"900\" height=\"675\" src=\"https:\/\/www.confere.org.br\/wordpress\/wp-content\/uploads\/2019\/11\/24-abril.jpg\" alt=\"\" class=\"wp-image-1243\" srcset=\"https:\/\/www.confere.org.br\/wordpress\/wp-content\/uploads\/2019\/11\/24-abril.jpg 900w, https:\/\/www.confere.org.br\/wordpress\/wp-content\/uploads\/2019\/11\/24-abril-300x225.jpg 300w, https:\/\/www.confere.org.br\/wordpress\/wp-content\/uploads\/2019\/11\/24-abril-768x576.jpg 768w\" sizes=\"(max-width: 900px) 100vw, 900px\" \/><figcaption><br><\/figcaption><\/figure>\n\n\n\n<h4> 04 de junho &#8211; Reuni\u00e3o com o deputado Alexis Fonteyne (Novo-SP) <\/h4>\n\n\n\n<p> O deputado Alexis Fonteyne; Henrique Ellery, coordenador do escrit\u00f3rio de Rela\u00e7\u00f5es Institucionais do Confere; Sidney Fernandes Gutierrez, diretor-presidente do Core-SP; e Manoel Affonso Mendes, diretor-presidente do Confere <\/p>\n\n\n\n<figure class=\"wp-block-image\"><img width=\"900\" height=\"675\" src=\"https:\/\/www.confere.org.br\/wordpress\/wp-content\/uploads\/2019\/11\/04-junho.jpg\" alt=\"\" class=\"wp-image-1245\" srcset=\"https:\/\/www.confere.org.br\/wordpress\/wp-content\/uploads\/2019\/11\/04-junho.jpg 900w, https:\/\/www.confere.org.br\/wordpress\/wp-content\/uploads\/2019\/11\/04-junho-300x225.jpg 300w, https:\/\/www.confere.org.br\/wordpress\/wp-content\/uploads\/2019\/11\/04-junho-768x576.jpg 768w\" sizes=\"(max-width: 900px) 100vw, 900px\" \/><figcaption><br><\/figcaption><\/figure>\n\n\n\n<h4> 17 de junho &#8211; Reuni\u00e3o com o senador Cid Gomes (PDT-CE) <\/h4>\n\n\n\n<p>\n\nPaulo Lustosa, assessor da Presid\u00eancia do Confere; Manoel Affonso\nMendes, diretor-presidente do Confere; e o senador Cid Gomes\n\n<\/p>\n\n\n\n<figure class=\"wp-block-image\"><img width=\"900\" height=\"675\" src=\"https:\/\/www.confere.org.br\/wordpress\/wp-content\/uploads\/2019\/11\/17-junho.jpg\" alt=\"\" class=\"wp-image-1246\" srcset=\"https:\/\/www.confere.org.br\/wordpress\/wp-content\/uploads\/2019\/11\/17-junho.jpg 900w, https:\/\/www.confere.org.br\/wordpress\/wp-content\/uploads\/2019\/11\/17-junho-300x225.jpg 300w, https:\/\/www.confere.org.br\/wordpress\/wp-content\/uploads\/2019\/11\/17-junho-768x576.jpg 768w\" sizes=\"(max-width: 900px) 100vw, 900px\" \/><\/figure>\n","protected":false},"excerpt":{"rendered":"<p>Sistema Confere\/Cores em atua\u00e7\u00e3o em Bras\u00edlia O diretor-presidente do Confere, Manoel Affonso Mendes, esteve presente em Bras\u00edlia, nos dias 24 de abril, e nos dias 4 e 17 de junho, para debater com parlamentares assuntos de interesse da categoria dos representantes comerciais. \u201c\u00c9 necess\u00e1rio sensibilizar os parlamentares e promover a manuten\u00e7\u00e3o dos direitos dos representantes &hellip; <\/p>\n<p class=\"link-more\"><a href=\"https:\/\/www.confere.org.br\/wordpress\/atuacao-do-confere-no-congresso-nacional\/\" class=\"more-link\">Continue lendo<span class=\"screen-reader-text\"> &#8220;Atua\u00e7\u00e3o do Confere no Congresso Nacional&#8221;<\/span><\/a><\/p>\n","protected":false},"author":1,"featured_media":1242,"comment_status":"closed","ping_status":"open","sticky":false,"template":"","format":"standard","meta":[],"categories":[34],"tags":[],"_links":{"self":[{"href":"https:\/\/www.confere.org.br\/wordpress\/wp-json\/wp\/v2\/posts\/1241"}],"collection":[{"href":"https:\/\/www.confere.org.br\/wordpress\/wp-json\/wp\/v2\/posts"}],"about":[{"href":"https:\/\/www.confere.org.br\/wordpress\/wp-json\/wp\/v2\/types\/post"}],"author":[{"embeddable":true,"href":"https:\/\/www.confere.org.br\/wordpress\/wp-json\/wp\/v2\/users\/1"}],"replies":[{"embeddable":true,"href":"https:\/\/www.confere.org.br\/wordpress\/wp-json\/wp\/v2\/comments?post=1241"}],"version-history":[{"count":1,"href":"https:\/\/www.confere.org.br\/wordpress\/wp-json\/wp\/v2\/posts\/1241\/revisions"}],"predecessor-version":[{"id":1247,"href":"https:\/\/www.confere.org.br\/wordpress\/wp-json\/wp\/v2\/posts\/1241\/revisions\/1247"}],"wp:featuredmedia":[{"embeddable":true,"href":"https:\/\/www.confere.org.br\/wordpress\/wp-json\/wp\/v2\/media\/1242"}],"wp:attachment":[{"href":"https:\/\/www.confere.org.br\/wordpress\/wp-json\/wp\/v2\/media?parent=1241"}],"wp:term":[{"taxonomy":"category","embeddable":true,"href":"https:\/\/www.confere.org.br\/wordpress\/wp-json\/wp\/v2\/categories?post=1241"},{"taxonomy":"post_tag","embeddable":true,"href":"https:\/\/www.confere.org.br\/wordpress\/wp-json\/wp\/v2\/tags?post=1241"}],"curies":[{"name":"wp","href":"https:\/\/api.w.org\/{rel}","templated":true}]}}