{"id":12437,"date":"2023-12-01T09:07:46","date_gmt":"2023-12-01T12:07:46","guid":{"rendered":"https:\/\/www.confere.org.br\/wordpress\/?p=12437"},"modified":"2026-04-07T15:45:30","modified_gmt":"2026-04-07T18:45:30","slug":"processo-de-inexigibilidade-004-2023-contratacao-de-instrutor-mikrotip","status":"publish","type":"post","link":"https:\/\/www.confere.org.br\/wordpress\/processo-de-inexigibilidade-004-2023-contratacao-de-instrutor-mikrotip\/","title":{"rendered":"Processo de Inexigibilidade 004\/2023 &#8211; Contrata\u00e7\u00e3o de Instrutor Mikrotip"},"content":{"rendered":"\n<p><a href=\"https:\/\/www.confere.org.br\/wordpress\/wp-content\/uploads\/2023\/12\/SEI_0001610_Termo_de_Referencia___Prestacao_de_Servicos.pdf\">Termo de Refer\u00eancia<\/a><\/p>\n<p><a href=\"https:\/\/www.confere.org.br\/wordpress\/wp-content\/uploads\/2023\/12\/SEI_0002091_Parecer.pdf\">Parecer<\/a><\/p>\n<p><a href=\"https:\/\/www.confere.org.br\/wordpress\/wp-content\/uploads\/2023\/12\/DOC_20231130_WA0010_editado.pdf\">Autoriza\u00e7\u00e3o do Presidente<\/a><\/p>\n","protected":false},"excerpt":{"rendered":"<p>Termo de Refer\u00eancia Parecer Autoriza\u00e7\u00e3o do Presidente<\/p>\n","protected":false},"author":3,"featured_media":0,"comment_status":"closed","ping_status":"closed","sticky":false,"template":"","format":"standard","meta":[],"categories":[55],"tags":[],"_links":{"self":[{"href":"https:\/\/www.confere.org.br\/wordpress\/wp-json\/wp\/v2\/posts\/12437"}],"collection":[{"href":"https:\/\/www.confere.org.br\/wordpress\/wp-json\/wp\/v2\/posts"}],"about":[{"href":"https:\/\/www.confere.org.br\/wordpress\/wp-json\/wp\/v2\/types\/post"}],"author":[{"embeddable":true,"href":"https:\/\/www.confere.org.br\/wordpress\/wp-json\/wp\/v2\/users\/3"}],"replies":[{"embeddable":true,"href":"https:\/\/www.confere.org.br\/wordpress\/wp-json\/wp\/v2\/comments?post=12437"}],"version-history":[{"count":3,"href":"https:\/\/www.confere.org.br\/wordpress\/wp-json\/wp\/v2\/posts\/12437\/revisions"}],"predecessor-version":[{"id":18871,"href":"https:\/\/www.confere.org.br\/wordpress\/wp-json\/wp\/v2\/posts\/12437\/revisions\/18871"}],"wp:attachment":[{"href":"https:\/\/www.confere.org.br\/wordpress\/wp-json\/wp\/v2\/media?parent=12437"}],"wp:term":[{"taxonomy":"category","embeddable":true,"href":"https:\/\/www.confere.org.br\/wordpress\/wp-json\/wp\/v2\/categories?post=12437"},{"taxonomy":"post_tag","embeddable":true,"href":"https:\/\/www.confere.org.br\/wordpress\/wp-json\/wp\/v2\/tags?post=12437"}],"curies":[{"name":"wp","href":"https:\/\/api.w.org\/{rel}","templated":true}]}}