{"id":12451,"date":"2023-12-04T16:21:16","date_gmt":"2023-12-04T19:21:16","guid":{"rendered":"https:\/\/www.confere.org.br\/wordpress\/?p=12451"},"modified":"2024-06-14T11:09:05","modified_gmt":"2024-06-14T14:09:05","slug":"processo-administrativo-de-licitacao-no-011-23-agenciamento-de-passagens-aereas","status":"publish","type":"post","link":"https:\/\/www.confere.org.br\/wordpress\/processo-administrativo-de-licitacao-no-011-23-agenciamento-de-passagens-aereas\/","title":{"rendered":"Processo Administrativo de Licita\u00e7\u00e3o n\u00ba 011\/23 &#8211; Agenciamento de passagens a\u00e9reas"},"content":{"rendered":"\n<ol start=\"1\" data-editing-info=\"{&quot;orderedStyleType&quot;:1,&quot;unorderedStyleType&quot;:1}\" data-listchain=\"__List_Chain_14\">\n<li><a href=\"https:\/\/www.confere.org.br\/wordpress\/wp-content\/uploads\/2023\/12\/TR_SERVICOS_Agenciamento_de_passagens__assinado-2.pdf\">Termo de Refer\u00eancia.<\/a><\/li>\n<li><a href=\"https:\/\/www.confere.org.br\/wordpress\/wp-content\/uploads\/2023\/12\/Autorizacao.pdf\">Autoriza\u00e7\u00e3o do Gestor<\/a><\/li>\n<li>\n<div class=\"x_elementToProof\"><a href=\"https:\/\/www.confere.org.br\/wordpress\/wp-content\/uploads\/2024\/06\/Edital-Passagens-Aereas-Core-PE.pdf\">Edital &#8211; Confere como \u00d3rg\u00e3o participante<\/a><\/div>\n<\/li>\n<li>\n<div class=\"x_elementToProof\"><a href=\"https:\/\/www.confere.org.br\/wordpress\/wp-content\/uploads\/2024\/06\/Termo-de-Homologacao-Passagens-Aereas.pdf\">Termo de homologa\u00e7\u00e3o<\/a><\/div>\n<\/li>\n<\/ol>\n","protected":false},"excerpt":{"rendered":"<p>Termo de Refer\u00eancia. Autoriza\u00e7\u00e3o do Gestor Edital &#8211; Confere como \u00d3rg\u00e3o participante Termo de homologa\u00e7\u00e3o<\/p>\n","protected":false},"author":7,"featured_media":0,"comment_status":"closed","ping_status":"closed","sticky":false,"template":"","format":"standard","meta":[],"categories":[32],"tags":[],"_links":{"self":[{"href":"https:\/\/www.confere.org.br\/wordpress\/wp-json\/wp\/v2\/posts\/12451"}],"collection":[{"href":"https:\/\/www.confere.org.br\/wordpress\/wp-json\/wp\/v2\/posts"}],"about":[{"href":"https:\/\/www.confere.org.br\/wordpress\/wp-json\/wp\/v2\/types\/post"}],"author":[{"embeddable":true,"href":"https:\/\/www.confere.org.br\/wordpress\/wp-json\/wp\/v2\/users\/7"}],"replies":[{"embeddable":true,"href":"https:\/\/www.confere.org.br\/wordpress\/wp-json\/wp\/v2\/comments?post=12451"}],"version-history":[{"count":2,"href":"https:\/\/www.confere.org.br\/wordpress\/wp-json\/wp\/v2\/posts\/12451\/revisions"}],"predecessor-version":[{"id":13742,"href":"https:\/\/www.confere.org.br\/wordpress\/wp-json\/wp\/v2\/posts\/12451\/revisions\/13742"}],"wp:attachment":[{"href":"https:\/\/www.confere.org.br\/wordpress\/wp-json\/wp\/v2\/media?parent=12451"}],"wp:term":[{"taxonomy":"category","embeddable":true,"href":"https:\/\/www.confere.org.br\/wordpress\/wp-json\/wp\/v2\/categories?post=12451"},{"taxonomy":"post_tag","embeddable":true,"href":"https:\/\/www.confere.org.br\/wordpress\/wp-json\/wp\/v2\/tags?post=12451"}],"curies":[{"name":"wp","href":"https:\/\/api.w.org\/{rel}","templated":true}]}}