{"id":12455,"date":"2023-12-05T09:25:52","date_gmt":"2023-12-05T12:25:52","guid":{"rendered":"https:\/\/www.confere.org.br\/wordpress\/?p=12455"},"modified":"2023-12-05T09:25:53","modified_gmt":"2023-12-05T12:25:53","slug":"pib-do-brasil-cresce-01-no-3-trimestre-de-2023-diz-ibge","status":"publish","type":"post","link":"https:\/\/www.confere.org.br\/wordpress\/pib-do-brasil-cresce-01-no-3-trimestre-de-2023-diz-ibge\/","title":{"rendered":"PIB do Brasil cresce 0,1% no 3\u00b0 trimestre de 2023, diz IBGE"},"content":{"rendered":"\n<div id=\"chunk-22ap6\">\n<div class=\"mc-column content-text active-extra-styles \" data-block-type=\"unstyled\" data-block-weight=\"35\" data-block-id=\"2\">\n<p class=\" content-text__container \" data-track-category=\"Link no Texto\" data-track-links=\"\">O\u00a0<strong><span class=\"highlight highlighted\">Produto Interno Bruto (PIB) do Brasil cresceu 0,1% no 3\u00ba trimestre de 2023<\/span><\/strong>, na compara\u00e7\u00e3o com os tr\u00eas meses imediatamente anteriores, informou o Instituto Brasileiro de Geografia e Estat\u00edstica (IBGE) nesta sexta-feira (1\u00ba).<\/p>\n<\/div>\n<\/div>\n<div class=\"wall protected-content\">\n<div id=\"chunk-4hr38\">\n<div class=\"mc-column content-text active-extra-styles \" data-block-type=\"unstyled\" data-block-weight=\"43\" data-block-id=\"4\">\n<p class=\" content-text__container \" data-track-category=\"Link no Texto\" data-track-links=\"\">Este \u00e9 o terceiro resultado positivo consecutivo do indicador em bases trimestrais, j\u00e1 que o IBGE revisou os n\u00fameros do 4\u00ba trimestre de 2022 para uma queda de 0,1%. O saldo vem depois de a atividade econ\u00f4mica brasileira crescer 1% no segundo trimestre.<\/p>\n<\/div>\n<\/div>\n<div id=\"chunk-7qqnm\">\n<div class=\"mc-column content-text active-extra-styles \" data-block-type=\"unstyled\" data-block-weight=\"47\" data-block-id=\"5\">\n<p class=\" content-text__container \" data-track-category=\"Link no Texto\" data-track-links=\"\">Em rela\u00e7\u00e3o ao mesmo trimestre de 2022, o PIB brasileiro teve alta de 2%. Na janela anual, a alta acumulada em quatro trimestres \u00e9 de 3,1%. E, no acumulado dos nove meses de 2023, o ganho foi de 3,2% contra o mesmo per\u00edodo do ano passado.<\/p>\n<div id=\"chunk-7ule7\">\n<div class=\"mc-column content-text active-extra-styles \" data-block-type=\"unstyled\" data-block-weight=\"33\" data-block-id=\"7\">\n<p class=\" content-text__container \" data-track-category=\"Link no Texto\" data-track-links=\"\">Em valores correntes, o PIB totalizou R$ 2,741 trilh\u00f5es. Foram R$ 2,387 trilh\u00f5es vindos de Valor Adicionado (VA) a pre\u00e7os b\u00e1sicos, e outros R$ 353,8 bilh\u00f5es de Impostos sobre Produtos l\u00edquidos de Subs\u00eddios.<\/p>\n<\/div>\n<\/div>\n<div id=\"chunk-fsrko\">\n<div class=\"mc-column content-text active-extra-styles\" data-block-type=\"raw\" data-block-weight=\"7\" data-block-id=\"8\">\n<p class=\"content-text__container\">\u00a0<\/p>\n<div class=\"content-intertitle\">\n<h2>Principais destaques do PIB no 3\u00ba trimestre:<\/h2>\n<\/div>\n<\/div>\n<\/div>\n<div id=\"chunk-4r7pj\">\n<div class=\"mc-column content-text active-extra-styles\" data-block-type=\"raw\" data-block-weight=\"20\" data-block-id=\"9\">\n<ul class=\"content-unordered-list\">\n<li>Servi\u00e7os: 0,6%<\/li>\n<li>Ind\u00fastria: 0,6%<\/li>\n<li>Agropecu\u00e1ria: -3,3%<\/li>\n<li>Consumo das fam\u00edlias: 1,1%<\/li>\n<li>Consumo do governo: 0,5%<\/li>\n<li>Investimentos: -2,5%<\/li>\n<li>Exporta\u00e7\u00f5es: 3%<\/li>\n<li>Importa\u00e7\u00e3o: -2,1%<\/li>\n<\/ul>\n<p>Fonte: G1<\/p>\n<\/div>\n<\/div>\n<\/div>\n<\/div>\n<\/div>\n","protected":false},"excerpt":{"rendered":"<p>Resultado vem depois de uma alta de 1% no segundo trimestre deste ano<\/p>\n","protected":false},"author":7,"featured_media":12456,"comment_status":"closed","ping_status":"closed","sticky":false,"template":"","format":"standard","meta":[],"categories":[2],"tags":[],"_links":{"self":[{"href":"https:\/\/www.confere.org.br\/wordpress\/wp-json\/wp\/v2\/posts\/12455"}],"collection":[{"href":"https:\/\/www.confere.org.br\/wordpress\/wp-json\/wp\/v2\/posts"}],"about":[{"href":"https:\/\/www.confere.org.br\/wordpress\/wp-json\/wp\/v2\/types\/post"}],"author":[{"embeddable":true,"href":"https:\/\/www.confere.org.br\/wordpress\/wp-json\/wp\/v2\/users\/7"}],"replies":[{"embeddable":true,"href":"https:\/\/www.confere.org.br\/wordpress\/wp-json\/wp\/v2\/comments?post=12455"}],"version-history":[{"count":1,"href":"https:\/\/www.confere.org.br\/wordpress\/wp-json\/wp\/v2\/posts\/12455\/revisions"}],"predecessor-version":[{"id":12457,"href":"https:\/\/www.confere.org.br\/wordpress\/wp-json\/wp\/v2\/posts\/12455\/revisions\/12457"}],"wp:featuredmedia":[{"embeddable":true,"href":"https:\/\/www.confere.org.br\/wordpress\/wp-json\/wp\/v2\/media\/12456"}],"wp:attachment":[{"href":"https:\/\/www.confere.org.br\/wordpress\/wp-json\/wp\/v2\/media?parent=12455"}],"wp:term":[{"taxonomy":"category","embeddable":true,"href":"https:\/\/www.confere.org.br\/wordpress\/wp-json\/wp\/v2\/categories?post=12455"},{"taxonomy":"post_tag","embeddable":true,"href":"https:\/\/www.confere.org.br\/wordpress\/wp-json\/wp\/v2\/tags?post=12455"}],"curies":[{"name":"wp","href":"https:\/\/api.w.org\/{rel}","templated":true}]}}