{"id":12463,"date":"2023-12-05T11:56:34","date_gmt":"2023-12-05T14:56:34","guid":{"rendered":"https:\/\/www.confere.org.br\/wordpress\/?p=12463"},"modified":"2023-12-05T12:08:31","modified_gmt":"2023-12-05T15:08:31","slug":"core-se-e-sirecom-se-realizam-confraternizacao-para-homenagear-representantes-comerciais","status":"publish","type":"post","link":"https:\/\/www.confere.org.br\/wordpress\/core-se-e-sirecom-se-realizam-confraternizacao-para-homenagear-representantes-comerciais\/","title":{"rendered":"Core-SE e Sirecom-SE realizam confraterniza\u00e7\u00e3o para homenagear representantes comerciais"},"content":{"rendered":"\n<p>No dia 30 de novembro, o Core-SE e o Sirecom-SE, em parceria com o Confere e a Fecom\u00e9rcio-SE, realizaram um evento comemorativo, no Sesc Atalaia, em Aracaju, e prestaram homenagens, com a entrega do Trof\u00e9u \u201cO Mascate\u201d e certificados de \u201cHonra ao M\u00e9rito\u201d a representantes comerciais (pessoas f\u00edsicas e jur\u00eddicas).<\/p>\n<p>\u201cEsse evento \u00e9 a celebra\u00e7\u00e3o de um ano de muito trabalho e desafios superados\u201d, frisou Emerson Natal de Almeida Sousa, diretor-presidente do Core-SE.<\/p>\n<p><strong>Homenageados:<\/strong><\/p>\n<p><strong>Trof\u00e9u \u201cO Mascate\u201d<\/strong><\/p>\n<ol>\n<li>ALVARO PEREIRA FEDERICO &#8211; DEMAL REPRESENTA\u00c7\u00d5ES LTDA \u2013 37 anos de Representa\u00e7\u00e3o Comercial<\/li>\n<li>ANA MARCIA DE OLIVEIRA MOREIRA \u2013 AICRAM REPRESENTACOES LTDA\u2013 30 anos de Representa\u00e7\u00e3o Comercial<\/li>\n<li>ANTONIO ALBERTO MAIA DOS SANTOS \u2013 EMPRESA SERGIPANA DE REPRESENTACOES LTDA\u2013 36 anos de Representa\u00e7\u00e3o Comercial<\/li>\n<li>CLOVES NASCIMENTO ALC\u00c2NTARA \u2013 REALLI REPRESENTACOES ALCANTARA LTDA\u2013 56 anos de Representa\u00e7\u00e3o Comercial<\/li>\n<li>DILSON DE BRITO FRANCO \u2013 D.B. FRANCO REPRESENTA\u00c7\u00d5ES E COM\u00c9RCIO LTDA\u2013 57 anos de Representa\u00e7\u00e3o Comercial<\/li>\n<li>FRANCISCO LUIZ QUINTINO DE MOURA &#8211; FRANCIS REPRESENTACOES LTDA\u2013 33 anos de Representa\u00e7\u00e3o Comercial<\/li>\n<li>FRANCISCO TARTARO FILHO \u2013 DOSUL REPRESENTA\u00c7\u00c3O LTDA \u2013 34 anos de Representa\u00e7\u00e3o Comercial<\/li>\n<li>JOS\u00c9 ALVES DE ALMEIDA &#8211; J ALMEIDA REPRESENTA\u00c7\u00d5ES LTDA \u2013 43 anos de Representa\u00e7\u00e3o Comercial<\/li>\n<li>MANOEL BARBOSA DE ANDRADE\u2013 MB LOGISTICA E DISTRIBUIDORA DE ALIMENTOS LTDA\u2013 19 anos de Representa\u00e7\u00e3o Comercial<\/li>\n<li>MANOEL MESSIAS DE MENDON\u00c7A\u2013 MENDON\u00c7A REPRESENTA\u00c7\u00d5ES LTDA \u2013 27 anos de Representa\u00e7\u00e3o Comercial<\/li>\n<li>RENATO ALVES DA SILVA \u2013 REALVE REPRESENTACOES COMERCIAIS DE MATS. ELETRICOS LTDA \u2013 40 anos de Representa\u00e7\u00e3o Comercial<\/li>\n<li>ROSA SEDREZ BERNARDES \u2013 ALYCE SEDREZ REPRESENTA\u00c7\u00d5ES LTDA- 23 anos de Representa\u00e7\u00e3o Comercial<\/li>\n<\/ol>\n<p><strong>Certificado de \u201cHonra ao M\u00e9rito\u201d<\/strong><\/p>\n<ol>\n<li>BENILDES MORAES DE ALC\u00c3NTARA &#8211; BRANCO REPRESENTACOES DE ALIMENTOS LTDA-ME \u2013 18 anos de Representa\u00e7\u00e3o Comercial<\/li>\n<li>CARLOS RAIMUNDO CARNEIRO &#8211; CARNEIRO &amp; BATISTA REPRESENTA\u00c7\u00d5ES LTDA \u2013 20 anos de Representa\u00e7\u00e3o Comercia<\/li>\n<li>GILBERTO MENEZES DA SILVA &#8211; GILBERTO MENEZES DA SILVA \u2013 ME \u2013 27 anos de Representa\u00e7\u00e3o Comercial<\/li>\n<li>JACKSON JOS\u00c9 SANTOS &#8211; PARATI REPRESENTA\u00c7\u00c3O DE ARTIGOS PARA DECORA\u00c7\u00c3O LTDA -ME\u2013 18 anos de Representa\u00e7\u00e3o Comercial<\/li>\n<li>KATIA SANTANA CRUZ \u2013 18 anos de Representa\u00e7\u00e3o Comercial<\/li>\n<li>LUIZ ALVES DOS SANTOS &#8211; JVL COMERCIO E REPRESENTACOES DE AUTO PE\u00c7AS LTDA\u2013 28 anos de Representa\u00e7\u00e3o Comercial<\/li>\n<li>PAULO CESAR DE ALBUQUERQUE NOVAES &#8211; PNOVAES REPRESENTA\u00c7\u00d5ES EM ALIMENTOS LTDA\u2013 15 anos de Representa\u00e7\u00e3o Comercial<\/li>\n<li>PEDRO ROCHA AMARANTE &#8211; GABINETE DE MIDIA &amp; COMUNICA\u00c7\u00c3O LTDA EPP\u2013 15 anos de Representa\u00e7\u00e3o Comercial<\/li>\n<li>SERGIO MURILO CARVALHO MATOS &#8211; S.M.C REPRESENTA\u00c7\u00d5ES LTDA \u2013 27 anos de Representa\u00e7\u00e3o Comercial<\/li>\n<li>THIAGO PACHECO DA SILVA &#8211; GARRA REPRESENTACOES LTDA\u2013 32 anos de Representa\u00e7\u00e3o Comercial<\/li>\n<li>VALTER LEMOS CABRAL &#8211; CABRAL REPRESENTA\u00c7\u00d5ES LTDA \u2013 20 anos de Representa\u00e7\u00e3o Comercial<\/li>\n<\/ol>\n","protected":false},"excerpt":{"rendered":"<p>\u201cEsse evento \u00e9 a celebra\u00e7\u00e3o de um ano de muito trabalho e desafios superados\u201d, frisou Emerson Natal de Almeida Sousa, diretor-presidente do Core-SE.<\/p>\n","protected":false},"author":3,"featured_media":12462,"comment_status":"closed","ping_status":"closed","sticky":false,"template":"","format":"standard","meta":[],"categories":[34,49,17],"tags":[],"_links":{"self":[{"href":"https:\/\/www.confere.org.br\/wordpress\/wp-json\/wp\/v2\/posts\/12463"}],"collection":[{"href":"https:\/\/www.confere.org.br\/wordpress\/wp-json\/wp\/v2\/posts"}],"about":[{"href":"https:\/\/www.confere.org.br\/wordpress\/wp-json\/wp\/v2\/types\/post"}],"author":[{"embeddable":true,"href":"https:\/\/www.confere.org.br\/wordpress\/wp-json\/wp\/v2\/users\/3"}],"replies":[{"embeddable":true,"href":"https:\/\/www.confere.org.br\/wordpress\/wp-json\/wp\/v2\/comments?post=12463"}],"version-history":[{"count":8,"href":"https:\/\/www.confere.org.br\/wordpress\/wp-json\/wp\/v2\/posts\/12463\/revisions"}],"predecessor-version":[{"id":12473,"href":"https:\/\/www.confere.org.br\/wordpress\/wp-json\/wp\/v2\/posts\/12463\/revisions\/12473"}],"wp:featuredmedia":[{"embeddable":true,"href":"https:\/\/www.confere.org.br\/wordpress\/wp-json\/wp\/v2\/media\/12462"}],"wp:attachment":[{"href":"https:\/\/www.confere.org.br\/wordpress\/wp-json\/wp\/v2\/media?parent=12463"}],"wp:term":[{"taxonomy":"category","embeddable":true,"href":"https:\/\/www.confere.org.br\/wordpress\/wp-json\/wp\/v2\/categories?post=12463"},{"taxonomy":"post_tag","embeddable":true,"href":"https:\/\/www.confere.org.br\/wordpress\/wp-json\/wp\/v2\/tags?post=12463"}],"curies":[{"name":"wp","href":"https:\/\/api.w.org\/{rel}","templated":true}]}}