{"id":12486,"date":"2023-12-06T11:36:43","date_gmt":"2023-12-06T14:36:43","guid":{"rendered":"https:\/\/www.confere.org.br\/wordpress\/?p=12486"},"modified":"2023-12-06T13:28:51","modified_gmt":"2023-12-06T16:28:51","slug":"reconhecimento-e-celebracao-destaques-da-representacao-comercial-no-estado-do-ceara","status":"publish","type":"post","link":"https:\/\/www.confere.org.br\/wordpress\/reconhecimento-e-celebracao-destaques-da-representacao-comercial-no-estado-do-ceara\/","title":{"rendered":"Reconhecimento e Celebra\u00e7\u00e3o: Destaques da Representa\u00e7\u00e3o Comercial no Estado do Cear\u00e1"},"content":{"rendered":"\n<p>O presidente do Core-CE, Philomeno J\u00fanior, acolheu os convidados, enfatizando n\u00e3o apenas o reconhecimento, mas, tamb\u00e9m, a coragem inerente \u00e0 Representa\u00e7\u00e3o Comercial. Ele compartilhou as cont\u00ednuas a\u00e7\u00f5es em prol da valoriza\u00e7\u00e3o da categoria, ressaltando o papel crucial desempenhado por esses profissionais no desenvolvimento econ\u00f4mico da regi\u00e3o.<\/p>\n<p>Durante a noite, os representantes foram agraciados com diplomas, medalhas e trof\u00e9us, reconhecendo suas contribui\u00e7\u00f5es profissionais, honor\u00edficas ou benem\u00e9ritas, em conformidade com os crit\u00e9rios estabelecidos pelo regulamento. Cada pr\u00eamio reflete a excel\u00eancia individual e o comprometimento com os valores e padr\u00f5es da Representa\u00e7\u00e3o Comercial.<\/p>\n<p>Al\u00e9m das homenagens aos profissionais, o presidente do Confere, Archimedes Cavalcanti Junior, estendeu seu reconhecimento ao presidente do Core-CE, Philomeno Junior, e ao presidente do Sirecom-CE e coordenador Nacional do F\u00f3rum Brasil da Representa\u00e7\u00e3o Comercial, Luis Jos\u00e9 Sousa, com a Comenda Dr. Pl\u00ednio Affonso de Farias Mello- A maior honraria do Sistema Confere\/Cores, pela not\u00f3ria relev\u00e2ncia e reconhecimento pelos servi\u00e7os prestados em prol da Representa\u00e7\u00e3o Comercial.<\/p>\n<p>Tamb\u00e9m foram homenageados figuras influentes, incluindo a presidente da Junta Comercial do Estado do Cear\u00e1, Carolina Evangelista, o Prefeito do Eus\u00e9bio, Acilon Gon\u00e7alves e o presidente da Normatel, Ant\u00f4nio Jos\u00e9 de Freitas Mello. Essas personalidades foram destacadas por suas not\u00e1veis contribui\u00e7\u00f5es a projetos e iniciativas que impactam positivamente a Representa\u00e7\u00e3o Comercial no Cear\u00e1.<\/p>\n<p>A cerim\u00f4nia celebrou conquistas individuais e reiterou o compromisso coletivo com o avan\u00e7o e a valoriza\u00e7\u00e3o cont\u00ednua da Representa\u00e7\u00e3o Comercial no Estado. A noite foi marcada por uma atmosfera de respeito e reconhecimento, consolidando a import\u00e2ncia dessa profiss\u00e3o vital para o desenvolvimento econ\u00f4mico local.<\/p>\n<p>Fonte: Core-CE<\/p>\n\n\n","protected":false},"excerpt":{"rendered":"<p>Em uma noite de solenidade e gratid\u00e3o \u00e0 Representa\u00e7\u00e3o Comercial (05\/12), o Conselho Regional dos Representantes Comerciais no Estado do Cear\u00e1 (Core-CE) promoveu a cerim\u00f4nia de Honra ao M\u00e9rito da Representa\u00e7\u00e3o Comercial 2023, destacando 15 profissionais not\u00e1veis pela dedica\u00e7\u00e3o e impacto em suas trajet\u00f3rias profissionais.<\/p>\n","protected":false},"author":3,"featured_media":12494,"comment_status":"closed","ping_status":"closed","sticky":false,"template":"","format":"standard","meta":[],"categories":[34,49],"tags":[],"_links":{"self":[{"href":"https:\/\/www.confere.org.br\/wordpress\/wp-json\/wp\/v2\/posts\/12486"}],"collection":[{"href":"https:\/\/www.confere.org.br\/wordpress\/wp-json\/wp\/v2\/posts"}],"about":[{"href":"https:\/\/www.confere.org.br\/wordpress\/wp-json\/wp\/v2\/types\/post"}],"author":[{"embeddable":true,"href":"https:\/\/www.confere.org.br\/wordpress\/wp-json\/wp\/v2\/users\/3"}],"replies":[{"embeddable":true,"href":"https:\/\/www.confere.org.br\/wordpress\/wp-json\/wp\/v2\/comments?post=12486"}],"version-history":[{"count":1,"href":"https:\/\/www.confere.org.br\/wordpress\/wp-json\/wp\/v2\/posts\/12486\/revisions"}],"predecessor-version":[{"id":12489,"href":"https:\/\/www.confere.org.br\/wordpress\/wp-json\/wp\/v2\/posts\/12486\/revisions\/12489"}],"wp:featuredmedia":[{"embeddable":true,"href":"https:\/\/www.confere.org.br\/wordpress\/wp-json\/wp\/v2\/media\/12494"}],"wp:attachment":[{"href":"https:\/\/www.confere.org.br\/wordpress\/wp-json\/wp\/v2\/media?parent=12486"}],"wp:term":[{"taxonomy":"category","embeddable":true,"href":"https:\/\/www.confere.org.br\/wordpress\/wp-json\/wp\/v2\/categories?post=12486"},{"taxonomy":"post_tag","embeddable":true,"href":"https:\/\/www.confere.org.br\/wordpress\/wp-json\/wp\/v2\/tags?post=12486"}],"curies":[{"name":"wp","href":"https:\/\/api.w.org\/{rel}","templated":true}]}}