{"id":12487,"date":"2023-12-06T11:37:27","date_gmt":"2023-12-06T14:37:27","guid":{"rendered":"https:\/\/www.confere.org.br\/wordpress\/?p=12487"},"modified":"2023-12-06T11:42:47","modified_gmt":"2023-12-06T14:42:47","slug":"acompanhe-a-transmissao-da-solenidade-do-merito-do-representacao-comercial-medalha-flavio-flores-lopes","status":"publish","type":"post","link":"https:\/\/www.confere.org.br\/wordpress\/acompanhe-a-transmissao-da-solenidade-do-merito-do-representacao-comercial-medalha-flavio-flores-lopes\/","title":{"rendered":"Acompanhe a transmiss\u00e3o da Solenidade do M\u00e9rito da Representa\u00e7\u00e3o Comercial Medalha Flavio Flores Lopes"},"content":{"rendered":"\n<div>O Core-SC institui a Medalha do M\u00e9rito da Representa\u00e7\u00e3o Comercial Flavio Flores Lopes, por meio da Resolu\u00e7\u00e3o 010\/2023. A honraria ser\u00e1 concedida pela primeira vez a representantes comerciais, autoridades, personalidades e institui\u00e7\u00f5es, pela not\u00f3ria relev\u00e2ncia e contribui\u00e7\u00e3o para o exerc\u00edcio da Representa\u00e7\u00e3o Comercial em Santa Catarina, em solenidade a ser promovida no dia 07\/12\/2023, \u00e0s 14h, na Sede do Core-SC, em Florian\u00f3polis.<\/div>\n<div>\u00a0<\/div>\n<div>\u201cPara essa primeira edi\u00e7\u00e3o da Medalha Flavio Flores Lopes, ficou definida a antiguidade como crit\u00e9rio de premia\u00e7\u00e3o. Ser\u00e3o homenageadas Pessoas F\u00edsicas e Jur\u00eddicas que tenham completado 50 anos ou mais de registro no Core-SC em 2023, al\u00e9m de personalidades e institui\u00e7\u00f5es que contribu\u00edram para a relev\u00e2ncia da Representa\u00e7\u00e3o Comercial em Santa Catarina\u201d, explica o presidente do Conselho, Jo\u00e3o Pedro da Silva Rosa.<\/div>\n<div>\u00a0<\/div>\n<div><a href=\"https:\/\/www.youtube.com\/watch?v=yHE6kzhIhvM\">Clique e assista!<\/a><\/div>\n<div>\u00a0<\/div>\n<div>\u00a0<\/div>\n<div><img src=\"http:\/\/coresc.org.br\/binario\/bx-1-jpg\/afgEf848\/view\/v1\" alt=\"\" border=\"0\" \/><img src=\"http:\/\/coresc.org.br\/binario\/bx-2-jpg\/1NEnWNB3\/view\/v1\" alt=\"\" border=\"0\" \/><\/div>\n<div><img src=\"http:\/\/coresc.org.br\/binario\/bx-3-jpg\/ld0FvvL0\/view\/v1\" alt=\"\" border=\"0\" \/><\/div>\n<div><img src=\"http:\/\/coresc.org.br\/binario\/bx-4-jpg\/f92X8o4R\/view\/v1\" alt=\"\" border=\"0\" \/><\/div>\n<div>\u00a0<\/div>\n<div><img src=\"http:\/\/coresc.org.br\/binario\/bx-5-jpg\/8k6Q4neO\/view\/v1\" alt=\"\" border=\"0\" \/><\/div>\n<div><img src=\"http:\/\/coresc.org.br\/binario\/bx-6-jpg\/9FV3X8Ec\/view\/v1\" alt=\"\" border=\"0\" \/><\/div>\n<div><img src=\"http:\/\/coresc.org.br\/binario\/bx-7-jpg\/kn8LfjH2\/view\/v1\" alt=\"\" border=\"0\" \/><\/div>\n<div><img src=\"http:\/\/coresc.org.br\/binario\/bx-8-jpg\/nTmBWI45\/view\/v1\" alt=\"\" border=\"0\" \/><\/div>\n<div>\u00a0<\/div>\n<div><img src=\"http:\/\/coresc.org.br\/binario\/bx-9-jpg\/OV30u3c4\/view\/v1\" alt=\"\" border=\"0\" \/><\/div>\n","protected":false},"excerpt":{"rendered":"<p>Dia 07\/12, a partir das 14h, no Youtube!<\/p>\n","protected":false},"author":3,"featured_media":12491,"comment_status":"closed","ping_status":"closed","sticky":false,"template":"","format":"standard","meta":[],"categories":[34,49],"tags":[],"_links":{"self":[{"href":"https:\/\/www.confere.org.br\/wordpress\/wp-json\/wp\/v2\/posts\/12487"}],"collection":[{"href":"https:\/\/www.confere.org.br\/wordpress\/wp-json\/wp\/v2\/posts"}],"about":[{"href":"https:\/\/www.confere.org.br\/wordpress\/wp-json\/wp\/v2\/types\/post"}],"author":[{"embeddable":true,"href":"https:\/\/www.confere.org.br\/wordpress\/wp-json\/wp\/v2\/users\/3"}],"replies":[{"embeddable":true,"href":"https:\/\/www.confere.org.br\/wordpress\/wp-json\/wp\/v2\/comments?post=12487"}],"version-history":[{"count":2,"href":"https:\/\/www.confere.org.br\/wordpress\/wp-json\/wp\/v2\/posts\/12487\/revisions"}],"predecessor-version":[{"id":12493,"href":"https:\/\/www.confere.org.br\/wordpress\/wp-json\/wp\/v2\/posts\/12487\/revisions\/12493"}],"wp:featuredmedia":[{"embeddable":true,"href":"https:\/\/www.confere.org.br\/wordpress\/wp-json\/wp\/v2\/media\/12491"}],"wp:attachment":[{"href":"https:\/\/www.confere.org.br\/wordpress\/wp-json\/wp\/v2\/media?parent=12487"}],"wp:term":[{"taxonomy":"category","embeddable":true,"href":"https:\/\/www.confere.org.br\/wordpress\/wp-json\/wp\/v2\/categories?post=12487"},{"taxonomy":"post_tag","embeddable":true,"href":"https:\/\/www.confere.org.br\/wordpress\/wp-json\/wp\/v2\/tags?post=12487"}],"curies":[{"name":"wp","href":"https:\/\/api.w.org\/{rel}","templated":true}]}}