{"id":12504,"date":"2023-12-08T16:16:43","date_gmt":"2023-12-08T19:16:43","guid":{"rendered":"https:\/\/www.confere.org.br\/wordpress\/?p=12504"},"modified":"2023-12-08T16:16:44","modified_gmt":"2023-12-08T19:16:44","slug":"core-sc-solenidade-de-entrega-da-medalha-do-merito-da-representacao-comercial-flavio-flores-lopes-e-dia-estadual-do-representante-comercial","status":"publish","type":"post","link":"https:\/\/www.confere.org.br\/wordpress\/core-sc-solenidade-de-entrega-da-medalha-do-merito-da-representacao-comercial-flavio-flores-lopes-e-dia-estadual-do-representante-comercial\/","title":{"rendered":"Core-SC: Solenidade de entrega da Medalha do M\u00e9rito da Representa\u00e7\u00e3o Comercial Flavio Flores Lopes e Dia Estadual do Representante Comercial"},"content":{"rendered":"\n<p>A solenidade de entrega da Medalha do M\u00e9rito da Representa\u00e7\u00e3o Comercial Flavio Flores Lopes foi realizada ontem (07\/12) \u00e0 tarde, na sede do Core-SC, em Florian\u00f3polis. O evento tamb\u00e9m marca o Dia Estadual do Representante Comercial, celebrado em Santa Catarina (09\/12), data de anivers\u00e1rio da Lei n\u00ba 4.886\/1965, que regulamenta a Representa\u00e7\u00e3o Comercial no Brasil h\u00e1 58 anos.<\/p>\n<p>A honraria foi institu\u00edda pelo Core-SC, por meio da Resolu\u00e7\u00e3o 10\/2023, al\u00e9m de aprovada em plen\u00e1ria por unanimidade, e foi concedida, pela primeira vez, a representantes comerciais, autoridades, personalidades e institui\u00e7\u00f5es, pela not\u00f3ria relev\u00e2ncia e contribui\u00e7\u00e3o para o exerc\u00edcio da Representa\u00e7\u00e3o Comercial em Santa Catarina.<\/p>\n<p>\u201cPara essa primeira edi\u00e7\u00e3o da Medalha Flavio Flores Lopes, ficou definida a antiguidade como crit\u00e9rio de premia\u00e7\u00e3o. Foram homenageadas Pessoas F\u00edsicas e Jur\u00eddicas que tenham completado 50 anos ou mais de registro no Core-SC em 2023, al\u00e9m de personalidades e institui\u00e7\u00f5es que contribu\u00edram para a relev\u00e2ncia da Representa\u00e7\u00e3o Comercial em Santa Catarina\u201d, explica o presidente do Conselho, Jo\u00e3o Pedro da Silva Rosa.<\/p>\n<p><a href=\"https:\/\/www.youtube.com\/watch?v=yHE6kzhIhvM\"><strong>A solenidade foi transmitida pelo<\/strong><strong> YouTu<\/strong><strong>be<\/strong><strong> do Core-SC. Clique e assista!<\/strong><\/a><\/p>\n<p><strong>Homenageados<\/strong><\/p>\n<p><strong>Representantes Comerciais:<\/strong><\/p>\n<p>Carlos Manuel Romani &#8211; S\u00e3o Jos\u00e9: registro em 17\/12\/1973<\/p>\n<p>Buschle &amp; Lepper &#8211; Joinville: registro em 03\/05\/1966<\/p>\n<p>Haedchen Representa\u00e7\u00f5es &#8211; Balne\u00e1rio Cambori\u00fa: registro em 30\/04\/1971<\/p>\n<p>Metal\u00fargica Riosulense &#8211; Rio do Sul: registro em 29\/05\/1972<\/p>\n<p>Refetec Representa\u00e7\u00f5es &#8211; Joinville: registro em 17\/08\/1967<\/p>\n<p>Stodieck Representa\u00e7\u00f5es &#8211; Blumenau: registro em 05\/05\/1966<\/p>\n<p><strong>Institui\u00e7\u00f5es e personalidades:<\/strong><\/p>\n<p>Conselho Federal dos Representantes Comerciais \u2013 Confere: sediado em Bras\u00edlia\/DF, pelos seus 57 anos de funda\u00e7\u00e3o.<\/p>\n<p>Deputado estadual Rodrigo Minotto: pela valoriza\u00e7\u00e3o e apoio \u00e0 categoria. Parlamentar proponente do projeto de lei que instituiu o DIA ESTADUAL DO REPRESENTANTE COMERCIAL, 09\/12.<\/p>\n<p><strong>Homenagens &#8220;surpresa&#8221;:<\/strong><\/p>\n<p>Presidente do Core-PI, Jos\u00e9 Ant\u00f4nio de Ara\u00fajo: delegado decano do Sistema Confere\/Cores.<\/p>\n<p>Presidente do Core-SC, Jo\u00e3o Pedro da Silva Rosa: pelo trabalho desenvolvido desde 2017 \u00e0 frente do Conselho catarinense.<\/p>\n<p><strong>Dia do Representante Comercial &#8211; 09\/12<\/strong><\/p>\n<p>Em 9 de dezembro de 1965 foi aprovada a Lei n\u00ba 4886, que regulamentou a profiss\u00e3o de Representa\u00e7\u00e3o Comercial no Brasil e instituiu o Conselho Federal e os Conselhos Regionais da categoria.<\/p>\n<p>Em 2015, quando a Lei completou 50 anos, os representantes comerciais foram homenageados com sess\u00e3o solene na Assembleia Legislativa, por proposi\u00e7\u00e3o do deputado estadual Rodrigo Minotto. O parlamentar tamb\u00e9m foi o proponente do projeto de lei que instituiu 9 de dezembro, o Dia Estadual do Representante Comercial. O projeto de lei foi sancionado pelo ent\u00e3o governador do Estado, Raimundo Colombo, em abril de 2016.<\/p>\n<p><strong>Flavio Flores Lopes<\/strong>\u00a0&#8211; Presidente do Core-SC de 1993 a dezembro de 2017, m\u00eas de seu falecimento, sempre teve muito orgulho da profiss\u00e3o que escolheu para a vida e seu grande legado foi a valoriza\u00e7\u00e3o do representante comercial. Um l\u00edder que trabalhou de forma incans\u00e1vel e agregadora pelo fortalecimento da categoria em Santa Catarina e no Brasil.<br \/>Filho de Astrogildo Lopes e Balbina Flores Lopes, nasceu em 14 de junho de 1945, na cidade de S\u00e3o Vicente do Sul (RS). Em 1966, em Porto Alegre, come\u00e7ou a atuar na \u00e1rea de vendas de medicamentos. Em virtude do trabalho, em 1968 radicou-se em Florian\u00f3polis. Em 1980, tornou-se representante comercial. No in\u00edcio da d\u00e9cada de 1990, integrou o grupo de representantes comerciais que reativou o Conselho Regional dos Representantes Comerciais (Core-SC) e o Sindicato dos Representantes<br \/>Comerciais da Grande Florian\u00f3polis (Sirecom Grande Florian\u00f3polis), do qual foi diretor, presidente e conselheiro. Tamb\u00e9m foi presidente, vice-presidente e diretor-tesoureiro da Associa\u00e7\u00e3o dos Conselhos Profissionais do Estado de Santa Catarina \u2013 Ascop\/SC; conselheiro do Servi\u00e7o Nacional do Com\u00e9rcio \u2013 SESC\/SC; delegado do Conselho Federal dos Representantes Comerciais (Confere).<\/p>\n<p>Fonte: Core-SC<\/p>\n","protected":false},"excerpt":{"rendered":"<p>Conhe\u00e7a os homenageados.<\/p>\n","protected":false},"author":3,"featured_media":12505,"comment_status":"closed","ping_status":"closed","sticky":false,"template":"","format":"standard","meta":[],"categories":[34,49,17],"tags":[],"_links":{"self":[{"href":"https:\/\/www.confere.org.br\/wordpress\/wp-json\/wp\/v2\/posts\/12504"}],"collection":[{"href":"https:\/\/www.confere.org.br\/wordpress\/wp-json\/wp\/v2\/posts"}],"about":[{"href":"https:\/\/www.confere.org.br\/wordpress\/wp-json\/wp\/v2\/types\/post"}],"author":[{"embeddable":true,"href":"https:\/\/www.confere.org.br\/wordpress\/wp-json\/wp\/v2\/users\/3"}],"replies":[{"embeddable":true,"href":"https:\/\/www.confere.org.br\/wordpress\/wp-json\/wp\/v2\/comments?post=12504"}],"version-history":[{"count":1,"href":"https:\/\/www.confere.org.br\/wordpress\/wp-json\/wp\/v2\/posts\/12504\/revisions"}],"predecessor-version":[{"id":12506,"href":"https:\/\/www.confere.org.br\/wordpress\/wp-json\/wp\/v2\/posts\/12504\/revisions\/12506"}],"wp:featuredmedia":[{"embeddable":true,"href":"https:\/\/www.confere.org.br\/wordpress\/wp-json\/wp\/v2\/media\/12505"}],"wp:attachment":[{"href":"https:\/\/www.confere.org.br\/wordpress\/wp-json\/wp\/v2\/media?parent=12504"}],"wp:term":[{"taxonomy":"category","embeddable":true,"href":"https:\/\/www.confere.org.br\/wordpress\/wp-json\/wp\/v2\/categories?post=12504"},{"taxonomy":"post_tag","embeddable":true,"href":"https:\/\/www.confere.org.br\/wordpress\/wp-json\/wp\/v2\/tags?post=12504"}],"curies":[{"name":"wp","href":"https:\/\/api.w.org\/{rel}","templated":true}]}}