{"id":12515,"date":"2023-12-14T19:40:35","date_gmt":"2023-12-14T22:40:35","guid":{"rendered":"https:\/\/www.confere.org.br\/wordpress\/?p=12515"},"modified":"2023-12-14T19:45:25","modified_gmt":"2023-12-14T22:45:25","slug":"2023-resolucao-no-2-098-2023","status":"publish","type":"post","link":"https:\/\/www.confere.org.br\/wordpress\/2023-resolucao-no-2-098-2023\/","title":{"rendered":"2023 &#8211; Resolu\u00e7\u00e3o n\u00ba 2.098\/2023"},"content":{"rendered":"\n<p>Institui a 2\u00aa Mesa Receptora\/Apuradora da elei\u00e7\u00e3o para composi\u00e7\u00e3o do Core-RS, tri\u00eanio<\/p>\n<p><a href=\"https:\/\/www.confere.org.br\/wordpress\/wp-content\/uploads\/2023\/12\/Resoluc-Mesa.pdf\">https:\/\/www.confere.org.br\/wordpress\/wp-content\/uploads\/2023\/12\/Resoluc-Mesa.pdf<\/a><\/p>\n<p>\u00a0<\/p>\n\n\n","protected":false},"excerpt":{"rendered":"<p>2.098, Resolu\u00e7\u00e3o, https:\/\/www.confere.org.br\/wordpress\/wp-content\/uploads\/2023\/12\/Resoluc-Mesa.pdf<\/p>\n","protected":false},"author":3,"featured_media":0,"comment_status":"closed","ping_status":"closed","sticky":false,"template":"","format":"standard","meta":[],"categories":[52],"tags":[],"_links":{"self":[{"href":"https:\/\/www.confere.org.br\/wordpress\/wp-json\/wp\/v2\/posts\/12515"}],"collection":[{"href":"https:\/\/www.confere.org.br\/wordpress\/wp-json\/wp\/v2\/posts"}],"about":[{"href":"https:\/\/www.confere.org.br\/wordpress\/wp-json\/wp\/v2\/types\/post"}],"author":[{"embeddable":true,"href":"https:\/\/www.confere.org.br\/wordpress\/wp-json\/wp\/v2\/users\/3"}],"replies":[{"embeddable":true,"href":"https:\/\/www.confere.org.br\/wordpress\/wp-json\/wp\/v2\/comments?post=12515"}],"version-history":[{"count":2,"href":"https:\/\/www.confere.org.br\/wordpress\/wp-json\/wp\/v2\/posts\/12515\/revisions"}],"predecessor-version":[{"id":12521,"href":"https:\/\/www.confere.org.br\/wordpress\/wp-json\/wp\/v2\/posts\/12515\/revisions\/12521"}],"wp:attachment":[{"href":"https:\/\/www.confere.org.br\/wordpress\/wp-json\/wp\/v2\/media?parent=12515"}],"wp:term":[{"taxonomy":"category","embeddable":true,"href":"https:\/\/www.confere.org.br\/wordpress\/wp-json\/wp\/v2\/categories?post=12515"},{"taxonomy":"post_tag","embeddable":true,"href":"https:\/\/www.confere.org.br\/wordpress\/wp-json\/wp\/v2\/tags?post=12515"}],"curies":[{"name":"wp","href":"https:\/\/api.w.org\/{rel}","templated":true}]}}