{"id":12535,"date":"2023-12-15T13:34:44","date_gmt":"2023-12-15T16:34:44","guid":{"rendered":"https:\/\/www.confere.org.br\/wordpress\/?p=12535"},"modified":"2023-12-15T13:34:45","modified_gmt":"2023-12-15T16:34:45","slug":"2023-ato-homologatorio-no-09","status":"publish","type":"post","link":"https:\/\/www.confere.org.br\/wordpress\/2023-ato-homologatorio-no-09\/","title":{"rendered":"2023 &#8211; Ato Homologat\u00f3rio n\u00ba 09"},"content":{"rendered":"\n<p>Homologa o resultado da elei\u00e7\u00e3o para composi\u00e7\u00e3o do Conselho Regional dos Representantes Comerciais no Estado de Rond\u00f4nia &#8211; Core-RO, para o tri\u00eanio <br \/>2024\/2027.<\/p>\n<p><a href=\"https:\/\/www.confere.org.br\/wordpress\/wp-content\/uploads\/2023\/12\/Ato_Homologatorio_09_2023.pdf\">https:\/\/www.confere.org.br\/wordpress\/wp-content\/uploads\/2023\/12\/Ato_Homologatorio_09_2023.pdf<\/a><\/p>\n\n\n","protected":false},"excerpt":{"rendered":"<p>09, Ato Homologat\u00f3rio, https:\/\/www.confere.org.br\/wordpress\/wp-content\/uploads\/2023\/12\/Ato_Homologatorio_09_2023.pdf<\/p>\n","protected":false},"author":3,"featured_media":0,"comment_status":"closed","ping_status":"closed","sticky":false,"template":"","format":"standard","meta":[],"categories":[52],"tags":[],"_links":{"self":[{"href":"https:\/\/www.confere.org.br\/wordpress\/wp-json\/wp\/v2\/posts\/12535"}],"collection":[{"href":"https:\/\/www.confere.org.br\/wordpress\/wp-json\/wp\/v2\/posts"}],"about":[{"href":"https:\/\/www.confere.org.br\/wordpress\/wp-json\/wp\/v2\/types\/post"}],"author":[{"embeddable":true,"href":"https:\/\/www.confere.org.br\/wordpress\/wp-json\/wp\/v2\/users\/3"}],"replies":[{"embeddable":true,"href":"https:\/\/www.confere.org.br\/wordpress\/wp-json\/wp\/v2\/comments?post=12535"}],"version-history":[{"count":1,"href":"https:\/\/www.confere.org.br\/wordpress\/wp-json\/wp\/v2\/posts\/12535\/revisions"}],"predecessor-version":[{"id":12537,"href":"https:\/\/www.confere.org.br\/wordpress\/wp-json\/wp\/v2\/posts\/12535\/revisions\/12537"}],"wp:attachment":[{"href":"https:\/\/www.confere.org.br\/wordpress\/wp-json\/wp\/v2\/media?parent=12535"}],"wp:term":[{"taxonomy":"category","embeddable":true,"href":"https:\/\/www.confere.org.br\/wordpress\/wp-json\/wp\/v2\/categories?post=12535"},{"taxonomy":"post_tag","embeddable":true,"href":"https:\/\/www.confere.org.br\/wordpress\/wp-json\/wp\/v2\/tags?post=12535"}],"curies":[{"name":"wp","href":"https:\/\/api.w.org\/{rel}","templated":true}]}}