{"id":12541,"date":"2023-12-19T09:15:34","date_gmt":"2023-12-19T12:15:34","guid":{"rendered":"https:\/\/www.confere.org.br\/wordpress\/?p=12541"},"modified":"2026-04-07T15:45:53","modified_gmt":"2026-04-07T18:45:53","slug":"processo-de-inexigibilidade-no-03-2023-contratacao-palestrante-paixao-por-vendas","status":"publish","type":"post","link":"https:\/\/www.confere.org.br\/wordpress\/processo-de-inexigibilidade-no-03-2023-contratacao-palestrante-paixao-por-vendas\/","title":{"rendered":"Processo de Inexigibilidade n\u00ba 03\/2023  &#8211; Contrata\u00e7\u00e3o Palestrante &#8211; (Paix\u00e3o por Vendas)"},"content":{"rendered":"\n<p><a href=\"https:\/\/www.confere.org.br\/wordpress\/wp-content\/uploads\/2023\/12\/TR_PALESTRA_2023_vale_este_assinado.pdf\">Termo de Refer\u00eancia<\/a><\/p>\n<p><a href=\"https:\/\/www.confere.org.br\/wordpress\/wp-content\/uploads\/2023\/12\/SEI_0001516_Parecer.pdf\"> Parecer <\/a><\/p>\n<p><a href=\"https:\/\/www.confere.org.br\/wordpress\/wp-content\/uploads\/2023\/12\/DESPACHO_PALESTRA_editado.pdf\">Despacho de Aprova\u00e7\u00e3o<\/a><\/p>\n\n\n","protected":false},"excerpt":{"rendered":"<p>Termo de Refer\u00eancia Parecer Despacho de Aprova\u00e7\u00e3o<\/p>\n","protected":false},"author":3,"featured_media":0,"comment_status":"closed","ping_status":"closed","sticky":false,"template":"","format":"standard","meta":[],"categories":[55],"tags":[],"_links":{"self":[{"href":"https:\/\/www.confere.org.br\/wordpress\/wp-json\/wp\/v2\/posts\/12541"}],"collection":[{"href":"https:\/\/www.confere.org.br\/wordpress\/wp-json\/wp\/v2\/posts"}],"about":[{"href":"https:\/\/www.confere.org.br\/wordpress\/wp-json\/wp\/v2\/types\/post"}],"author":[{"embeddable":true,"href":"https:\/\/www.confere.org.br\/wordpress\/wp-json\/wp\/v2\/users\/3"}],"replies":[{"embeddable":true,"href":"https:\/\/www.confere.org.br\/wordpress\/wp-json\/wp\/v2\/comments?post=12541"}],"version-history":[{"count":2,"href":"https:\/\/www.confere.org.br\/wordpress\/wp-json\/wp\/v2\/posts\/12541\/revisions"}],"predecessor-version":[{"id":18872,"href":"https:\/\/www.confere.org.br\/wordpress\/wp-json\/wp\/v2\/posts\/12541\/revisions\/18872"}],"wp:attachment":[{"href":"https:\/\/www.confere.org.br\/wordpress\/wp-json\/wp\/v2\/media?parent=12541"}],"wp:term":[{"taxonomy":"category","embeddable":true,"href":"https:\/\/www.confere.org.br\/wordpress\/wp-json\/wp\/v2\/categories?post=12541"},{"taxonomy":"post_tag","embeddable":true,"href":"https:\/\/www.confere.org.br\/wordpress\/wp-json\/wp\/v2\/tags?post=12541"}],"curies":[{"name":"wp","href":"https:\/\/api.w.org\/{rel}","templated":true}]}}