{"id":12550,"date":"2023-12-18T08:59:12","date_gmt":"2023-12-18T11:59:12","guid":{"rendered":"https:\/\/www.confere.org.br\/wordpress\/?p=12550"},"modified":"2024-07-29T16:48:18","modified_gmt":"2024-07-29T19:48:18","slug":"processo-de-inexigibilidade-no-02-23-banco-de-precos","status":"publish","type":"post","link":"https:\/\/www.confere.org.br\/wordpress\/processo-de-inexigibilidade-no-02-23-banco-de-precos\/","title":{"rendered":"Processo de Inexigibilidade n\u00ba 02\/23 &#8211; Banco de Pre\u00e7os"},"content":{"rendered":"\n<p><a href=\"https:\/\/www.confere.org.br\/wordpress\/wp-content\/uploads\/2023\/12\/TR_SERVICOS_BANCO_DE_PRECOS___Copia_assinado.pdf\">Termo de Refer\u00eancia<\/a><\/p>\n<p><a href=\"https:\/\/www.confere.org.br\/wordpress\/wp-content\/uploads\/2023\/12\/SEI_0001494_Parecer.pdf\">Parecer <\/a><\/p>\n<p><a href=\"https:\/\/www.confere.org.br\/wordpress\/wp-content\/uploads\/2023\/12\/DESPACHO_RATIFICACAO_BANCO_DE_PRECOS_assinado__1__editado.pdf\">Autoriza\u00e7\u00e3o do Presidente<\/a><\/p>\n\n\n","protected":false},"excerpt":{"rendered":"<p>Termo de Refer\u00eancia Parecer Autoriza\u00e7\u00e3o do Presidente<\/p>\n","protected":false},"author":3,"featured_media":0,"comment_status":"closed","ping_status":"closed","sticky":false,"template":"","format":"standard","meta":[],"categories":[55],"tags":[],"_links":{"self":[{"href":"https:\/\/www.confere.org.br\/wordpress\/wp-json\/wp\/v2\/posts\/12550"}],"collection":[{"href":"https:\/\/www.confere.org.br\/wordpress\/wp-json\/wp\/v2\/posts"}],"about":[{"href":"https:\/\/www.confere.org.br\/wordpress\/wp-json\/wp\/v2\/types\/post"}],"author":[{"embeddable":true,"href":"https:\/\/www.confere.org.br\/wordpress\/wp-json\/wp\/v2\/users\/3"}],"replies":[{"embeddable":true,"href":"https:\/\/www.confere.org.br\/wordpress\/wp-json\/wp\/v2\/comments?post=12550"}],"version-history":[{"count":1,"href":"https:\/\/www.confere.org.br\/wordpress\/wp-json\/wp\/v2\/posts\/12550\/revisions"}],"predecessor-version":[{"id":12554,"href":"https:\/\/www.confere.org.br\/wordpress\/wp-json\/wp\/v2\/posts\/12550\/revisions\/12554"}],"wp:attachment":[{"href":"https:\/\/www.confere.org.br\/wordpress\/wp-json\/wp\/v2\/media?parent=12550"}],"wp:term":[{"taxonomy":"category","embeddable":true,"href":"https:\/\/www.confere.org.br\/wordpress\/wp-json\/wp\/v2\/categories?post=12550"},{"taxonomy":"post_tag","embeddable":true,"href":"https:\/\/www.confere.org.br\/wordpress\/wp-json\/wp\/v2\/tags?post=12550"}],"curies":[{"name":"wp","href":"https:\/\/api.w.org\/{rel}","templated":true}]}}