{"id":12556,"date":"2023-12-18T11:32:53","date_gmt":"2023-12-18T14:32:53","guid":{"rendered":"https:\/\/www.confere.org.br\/wordpress\/?p=12556"},"modified":"2023-12-28T16:25:10","modified_gmt":"2023-12-28T19:25:10","slug":"eleicao-core-rs-trienio-2024-2027-2","status":"publish","type":"post","link":"https:\/\/www.confere.org.br\/wordpress\/eleicao-core-rs-trienio-2024-2027-2\/","title":{"rendered":"Elei\u00e7\u00e3o Core-RS &#8211; Tri\u00eanio 2024\/2027"},"content":{"rendered":"\n<p>&nbsp;<\/p>\n<p>Representante Comercial Ga\u00facho,<\/p>\n<p>Realiza-se hoje, 18 de dezembro, a elei\u00e7\u00e3o para composi\u00e7\u00e3o do Conselho Regional dos Representantes Comerciais no Estado do Rio Grande do Sul &#8211; Core-RS, no tri\u00eanio 2024\/2027.<br>Local: Sede do Core-RS (Rua Jos\u00e9 de Alencar, n\u00ba 1121, Menino Deus, Porto Alegre \u2013 RS).<br>Hor\u00e1rio: 9h \u00e0s 17h.<\/p>\n<p><video controls=\"controls\" width=\"694\" height=\"694\">\n<source src=\"https:\/\/www.confere.org.br\/wordpress\/wp-content\/uploads\/2023\/12\/Eleicao-do-Core-RS_-1-1.mp4\" type=\"video\/mp4\"><\/video><\/p>\n<p>&nbsp;<\/p>\n\n\n","protected":false},"excerpt":{"rendered":"<p>Vote! Participe!<\/p>\n","protected":false},"author":3,"featured_media":12557,"comment_status":"closed","ping_status":"closed","sticky":false,"template":"","format":"standard","meta":[],"categories":[34,17],"tags":[],"_links":{"self":[{"href":"https:\/\/www.confere.org.br\/wordpress\/wp-json\/wp\/v2\/posts\/12556"}],"collection":[{"href":"https:\/\/www.confere.org.br\/wordpress\/wp-json\/wp\/v2\/posts"}],"about":[{"href":"https:\/\/www.confere.org.br\/wordpress\/wp-json\/wp\/v2\/types\/post"}],"author":[{"embeddable":true,"href":"https:\/\/www.confere.org.br\/wordpress\/wp-json\/wp\/v2\/users\/3"}],"replies":[{"embeddable":true,"href":"https:\/\/www.confere.org.br\/wordpress\/wp-json\/wp\/v2\/comments?post=12556"}],"version-history":[{"count":6,"href":"https:\/\/www.confere.org.br\/wordpress\/wp-json\/wp\/v2\/posts\/12556\/revisions"}],"predecessor-version":[{"id":12643,"href":"https:\/\/www.confere.org.br\/wordpress\/wp-json\/wp\/v2\/posts\/12556\/revisions\/12643"}],"wp:featuredmedia":[{"embeddable":true,"href":"https:\/\/www.confere.org.br\/wordpress\/wp-json\/wp\/v2\/media\/12557"}],"wp:attachment":[{"href":"https:\/\/www.confere.org.br\/wordpress\/wp-json\/wp\/v2\/media?parent=12556"}],"wp:term":[{"taxonomy":"category","embeddable":true,"href":"https:\/\/www.confere.org.br\/wordpress\/wp-json\/wp\/v2\/categories?post=12556"},{"taxonomy":"post_tag","embeddable":true,"href":"https:\/\/www.confere.org.br\/wordpress\/wp-json\/wp\/v2\/tags?post=12556"}],"curies":[{"name":"wp","href":"https:\/\/api.w.org\/{rel}","templated":true}]}}