{"id":1258,"date":"2019-06-04T16:43:15","date_gmt":"2019-06-04T19:43:15","guid":{"rendered":"http:\/\/www.confere.org.br\/wordpress\/?p=1258"},"modified":"2019-11-14T16:51:25","modified_gmt":"2019-11-14T19:51:25","slug":"sistema-confere-cores-em-atuacao-em-brasilia","status":"publish","type":"post","link":"https:\/\/www.confere.org.br\/wordpress\/sistema-confere-cores-em-atuacao-em-brasilia\/","title":{"rendered":"Sistema Confere\/Cores em atua\u00e7\u00e3o em Bras\u00edlia"},"content":{"rendered":"\n<p>O diretor-presidente do Confere, Manoel Affonso Mendes, e o diretor-presidente do Core-SP, Sidney Fernandes Gutierrez, estiveram reunidos na manh\u00e3 desta ter\u00e7a-feira, dia 04 de junho, com o deputado Alexis Fonteyne (Novo-SP), em seu gabinete, na C\u00e2mara dos Deputados, para tratar de assuntos de interesse dos representantes comerciais. <\/p>\n\n\n\n<p>\u201cEstamos sempre atentos e em defesa de interesses dos representantes comerciais, identificando decis\u00f5es que possam afetar os interesses do Sistema Confere\/Cores e dos representantes comerciais\u201d. Manoel Affonso Mendes, diretor presidente do Confere <\/p>\n\n\n\n<figure class=\"wp-block-image\"><img width=\"482\" height=\"363\" src=\"https:\/\/www.confere.org.br\/wordpress\/wp-content\/uploads\/2019\/11\/brasilia2.jpg\" alt=\"\" class=\"wp-image-1260\" srcset=\"https:\/\/www.confere.org.br\/wordpress\/wp-content\/uploads\/2019\/11\/brasilia2.jpg 482w, https:\/\/www.confere.org.br\/wordpress\/wp-content\/uploads\/2019\/11\/brasilia2-300x226.jpg 300w\" sizes=\"(max-width: 482px) 100vw, 482px\" \/><figcaption><br><\/figcaption><\/figure>\n\n\n\n<figure class=\"wp-block-image\"><img width=\"496\" height=\"371\" src=\"https:\/\/www.confere.org.br\/wordpress\/wp-content\/uploads\/2019\/11\/brasilia3.jpg\" alt=\"\" class=\"wp-image-1261\" srcset=\"https:\/\/www.confere.org.br\/wordpress\/wp-content\/uploads\/2019\/11\/brasilia3.jpg 496w, https:\/\/www.confere.org.br\/wordpress\/wp-content\/uploads\/2019\/11\/brasilia3-300x224.jpg 300w\" sizes=\"(max-width: 496px) 100vw, 496px\" \/><figcaption><br><\/figcaption><\/figure>\n\n\n\n<figure class=\"wp-block-image\"><img width=\"495\" height=\"371\" src=\"https:\/\/www.confere.org.br\/wordpress\/wp-content\/uploads\/2019\/11\/brasilia4.jpg\" alt=\"\" class=\"wp-image-1262\" srcset=\"https:\/\/www.confere.org.br\/wordpress\/wp-content\/uploads\/2019\/11\/brasilia4.jpg 495w, https:\/\/www.confere.org.br\/wordpress\/wp-content\/uploads\/2019\/11\/brasilia4-300x225.jpg 300w\" sizes=\"(max-width: 495px) 100vw, 495px\" \/><\/figure>\n","protected":false},"excerpt":{"rendered":"<p>O diretor-presidente do Confere, Manoel Affonso Mendes, e o diretor-presidente do Core-SP, Sidney Fernandes Gutierrez, estiveram reunidos na manh\u00e3 desta ter\u00e7a-feira, dia 04 de junho, com o deputado Alexis Fonteyne (Novo-SP), em seu gabinete, na C\u00e2mara dos Deputados, para tratar de assuntos de interesse dos representantes comerciais. \u201cEstamos sempre atentos e em defesa de interesses &hellip; <\/p>\n<p class=\"link-more\"><a href=\"https:\/\/www.confere.org.br\/wordpress\/sistema-confere-cores-em-atuacao-em-brasilia\/\" class=\"more-link\">Continue lendo<span class=\"screen-reader-text\"> &#8220;Sistema Confere\/Cores em atua\u00e7\u00e3o em Bras\u00edlia&#8221;<\/span><\/a><\/p>\n","protected":false},"author":3,"featured_media":1259,"comment_status":"closed","ping_status":"open","sticky":false,"template":"","format":"standard","meta":[],"categories":[34],"tags":[],"_links":{"self":[{"href":"https:\/\/www.confere.org.br\/wordpress\/wp-json\/wp\/v2\/posts\/1258"}],"collection":[{"href":"https:\/\/www.confere.org.br\/wordpress\/wp-json\/wp\/v2\/posts"}],"about":[{"href":"https:\/\/www.confere.org.br\/wordpress\/wp-json\/wp\/v2\/types\/post"}],"author":[{"embeddable":true,"href":"https:\/\/www.confere.org.br\/wordpress\/wp-json\/wp\/v2\/users\/3"}],"replies":[{"embeddable":true,"href":"https:\/\/www.confere.org.br\/wordpress\/wp-json\/wp\/v2\/comments?post=1258"}],"version-history":[{"count":1,"href":"https:\/\/www.confere.org.br\/wordpress\/wp-json\/wp\/v2\/posts\/1258\/revisions"}],"predecessor-version":[{"id":1263,"href":"https:\/\/www.confere.org.br\/wordpress\/wp-json\/wp\/v2\/posts\/1258\/revisions\/1263"}],"wp:featuredmedia":[{"embeddable":true,"href":"https:\/\/www.confere.org.br\/wordpress\/wp-json\/wp\/v2\/media\/1259"}],"wp:attachment":[{"href":"https:\/\/www.confere.org.br\/wordpress\/wp-json\/wp\/v2\/media?parent=1258"}],"wp:term":[{"taxonomy":"category","embeddable":true,"href":"https:\/\/www.confere.org.br\/wordpress\/wp-json\/wp\/v2\/categories?post=1258"},{"taxonomy":"post_tag","embeddable":true,"href":"https:\/\/www.confere.org.br\/wordpress\/wp-json\/wp\/v2\/tags?post=1258"}],"curies":[{"name":"wp","href":"https:\/\/api.w.org\/{rel}","templated":true}]}}