{"id":12580,"date":"2023-12-26T09:46:20","date_gmt":"2023-12-26T12:46:20","guid":{"rendered":"https:\/\/www.confere.org.br\/wordpress\/?p=12580"},"modified":"2025-04-14T12:17:48","modified_gmt":"2025-04-14T15:17:48","slug":"eleicao-core-go-trienio-2024-2027","status":"publish","type":"post","link":"https:\/\/www.confere.org.br\/wordpress\/eleicao-core-go-trienio-2024-2027\/","title":{"rendered":"ELEI\u00c7\u00c3O CORE-GO &#8211; TRI\u00caNIO 2024\/2027"},"content":{"rendered":"\n<p><a href=\"https:\/\/www.confere.org.br\/wordpress\/wp-content\/uploads\/2023\/12\/Resolucao-Eleicao-Core-GO.pdf\">Resolu\u00e7\u00e3o n\u00ba 2.101\/2023<\/a> &#8211; Disp\u00f5e sobre o processo eleitoral pelo voto direto para composi\u00e7\u00e3o do Conselho Regional dos Representantes Comerciais no Estado Goi\u00e1s &#8211; Core-GO.<\/p>\n<p>Edital de Convoca\u00e7\u00e3o<\/p>\n<p>\u00a0<a href=\"https:\/\/www.confere.org.br\/wordpress\/wp-content\/uploads\/2023\/12\/Edital-DOU.pdf\">&#8211; Publicado no Di\u00e1rio Oficial da Uni\u00e3o -26.12.2023<\/a><\/p>\n<p><a href=\"https:\/\/www.confere.org.br\/wordpress\/wp-content\/uploads\/2023\/12\/Gazeta-5573_6_.pdf\">&#8211; Publicado no Jornal Gazeta do Estado &#8211; 27.12.2023<\/a><\/p>\n<p><a href=\"https:\/\/www.confere.org.br\/wordpress\/wp-content\/uploads\/2023\/12\/REGULAMENTO-ELEITORAL-CORE-GO_.pdf\">Regulamento Eleitoral<\/a><\/p>\n<p><a href=\"https:\/\/www.confere.org.br\/wordpress\/wp-content\/uploads\/2023\/12\/CORE-GO-REQUERIMENTO-REGISTRO-DE-CHAPA.pdf\">Requerimento de Registro de Chapa<\/a><\/p>\n<p><a href=\"https:\/\/www.confere.org.br\/wordpress\/wp-content\/uploads\/2023\/12\/CORE-GO-DECLARACAO-DE-AQUIESCENCIA-ELEICAO.pdf\">Declara\u00e7\u00e3o de Aquiesc\u00eancia<\/a><\/p>\n<p><a href=\"https:\/\/www.confere.org.br\/wordpress\/wp-content\/uploads\/2023\/12\/CORE-GO-FICHA-QUALIFICACAAO-ELEICAO.pdf\">Ficha de Qualifica\u00e7\u00e3o<\/a><\/p>\n<p>Aviso de Registro de Chapa<br \/>&#8211;<a href=\"https:\/\/www.confere.org.br\/wordpress\/wp-content\/uploads\/2024\/01\/Aviso-Registro-de-Chapa-GO-DOU.pdf\">Publicado no Di\u00e1rio Oficial da Uni\u00e3o &#8211; 22.01.2024<\/a><br \/>&#8211;<a href=\"https:\/\/www.confere.org.br\/wordpress\/wp-content\/uploads\/2024\/01\/Gazeta_5599_6_6_-.pdf\">Publicado no Jornal Gazeta do Estado &#8211; 22.01.2024<\/a><\/p>\n<p>Aviso de Registro de Chapa<br \/><a href=\"https:\/\/www.confere.org.br\/wordpress\/wp-content\/uploads\/2024\/02\/Gazeta-5609__.pdf\">-Publicado no Jornal Gazeta do Estado &#8211; 01.02.2024<\/a><\/p>\n<p><a href=\"https:\/\/www.confere.org.br\/wordpress\/wp-content\/uploads\/2024\/02\/DOU-02_02.pdf\">-Publicado no Di\u00e1rio Oficial da Uni\u00e3o &#8211; 02.02.2024<\/a><\/p>\n<p><a href=\"https:\/\/www.confere.org.br\/wordpress\/wp-content\/uploads\/2024\/02\/CORE-GO-SUBSTITUICAO-C-ELEITORAL.pdf\">Resolu\u00e7\u00e3o n\u00b0 2.105\/2024 &#8211; Nomea\u00e7\u00e3o de substituto para a <br \/>Comiss\u00e3o Eleitoral do pleito para <br \/>composi\u00e7\u00e3o do Core-GO.<\/a><\/p>\n","protected":false},"excerpt":{"rendered":"<p>Processo Eleitoral para composi\u00e7\u00e3o do Core-GO<\/p>\n","protected":false},"author":3,"featured_media":0,"comment_status":"closed","ping_status":"closed","sticky":false,"template":"","format":"standard","meta":[],"categories":[43],"tags":[],"_links":{"self":[{"href":"https:\/\/www.confere.org.br\/wordpress\/wp-json\/wp\/v2\/posts\/12580"}],"collection":[{"href":"https:\/\/www.confere.org.br\/wordpress\/wp-json\/wp\/v2\/posts"}],"about":[{"href":"https:\/\/www.confere.org.br\/wordpress\/wp-json\/wp\/v2\/types\/post"}],"author":[{"embeddable":true,"href":"https:\/\/www.confere.org.br\/wordpress\/wp-json\/wp\/v2\/users\/3"}],"replies":[{"embeddable":true,"href":"https:\/\/www.confere.org.br\/wordpress\/wp-json\/wp\/v2\/comments?post=12580"}],"version-history":[{"count":8,"href":"https:\/\/www.confere.org.br\/wordpress\/wp-json\/wp\/v2\/posts\/12580\/revisions"}],"predecessor-version":[{"id":12842,"href":"https:\/\/www.confere.org.br\/wordpress\/wp-json\/wp\/v2\/posts\/12580\/revisions\/12842"}],"wp:attachment":[{"href":"https:\/\/www.confere.org.br\/wordpress\/wp-json\/wp\/v2\/media?parent=12580"}],"wp:term":[{"taxonomy":"category","embeddable":true,"href":"https:\/\/www.confere.org.br\/wordpress\/wp-json\/wp\/v2\/categories?post=12580"},{"taxonomy":"post_tag","embeddable":true,"href":"https:\/\/www.confere.org.br\/wordpress\/wp-json\/wp\/v2\/tags?post=12580"}],"curies":[{"name":"wp","href":"https:\/\/api.w.org\/{rel}","templated":true}]}}