{"id":12588,"date":"2023-12-26T11:22:02","date_gmt":"2023-12-26T14:22:02","guid":{"rendered":"https:\/\/www.confere.org.br\/wordpress\/?p=12588"},"modified":"2023-12-26T11:36:06","modified_gmt":"2023-12-26T14:36:06","slug":"saiu-a-3a-edicao-da-revista-representacao","status":"publish","type":"post","link":"https:\/\/www.confere.org.br\/wordpress\/saiu-a-3a-edicao-da-revista-representacao\/","title":{"rendered":"Saiu a 3\u00aa edi\u00e7\u00e3o da Revista RepresentA\u00c7\u00c3O"},"content":{"rendered":"\n<p>Nesta terceira edi\u00e7\u00e3o, celebramos n\u00e3o apenas as conquistas do Core-GO, mas o avan\u00e7o coletivo em nossa busca incessante por transpar\u00eancia e excel\u00eancia. \u00c9 com grande satisfa\u00e7\u00e3o que compartilhamos hist\u00f3rias inspiradoras e realiza\u00e7\u00f5es marcantes de nossos Conselhos Regionais em todo o pa\u00eds. A transpar\u00eancia administrativa \u00e9 nosso alicerce, e a valoriza\u00e7\u00e3o das a\u00e7\u00f5es p\u00fablicas, nossa miss\u00e3o. Esta revista \u00e9 mais que um ve\u00edculo de divulga\u00e7\u00e3o; \u00e9 um reflexo de nosso firme compromisso em promover uma gest\u00e3o respons\u00e1vel e colaborativa dentro do Sistema Confere\/Cores. Que esta edi\u00e7\u00e3o possa inspir\u00e1-los e fortalecer nosso prop\u00f3sito coletivo. Juntos, continuaremos a trilhar o caminho da transpar\u00eancia, da valoriza\u00e7\u00e3o e da representa\u00e7\u00e3o exemplar.<\/p>\n<p>Archimedes Cavalcanti J\u00fanior<br \/>Diretor-Presidente do Confere<\/p>\n<p><a href=\"https:\/\/www.confere.org.br\/wordpress\/wp-content\/uploads\/2023\/12\/Revista_representAcao_Core-GO_1-1.pdf\">Clique aqui e boa leitura!<\/a><\/p>\n\n\n","protected":false},"excerpt":{"rendered":"<p>Edi\u00e7\u00e3o Core-GO &#8211; A Revista \u00e9 uma parceria do Confere e seus Regionais.<\/p>\n","protected":false},"author":3,"featured_media":12574,"comment_status":"closed","ping_status":"closed","sticky":false,"template":"","format":"standard","meta":[],"categories":[34,49,17],"tags":[],"_links":{"self":[{"href":"https:\/\/www.confere.org.br\/wordpress\/wp-json\/wp\/v2\/posts\/12588"}],"collection":[{"href":"https:\/\/www.confere.org.br\/wordpress\/wp-json\/wp\/v2\/posts"}],"about":[{"href":"https:\/\/www.confere.org.br\/wordpress\/wp-json\/wp\/v2\/types\/post"}],"author":[{"embeddable":true,"href":"https:\/\/www.confere.org.br\/wordpress\/wp-json\/wp\/v2\/users\/3"}],"replies":[{"embeddable":true,"href":"https:\/\/www.confere.org.br\/wordpress\/wp-json\/wp\/v2\/comments?post=12588"}],"version-history":[{"count":3,"href":"https:\/\/www.confere.org.br\/wordpress\/wp-json\/wp\/v2\/posts\/12588\/revisions"}],"predecessor-version":[{"id":12594,"href":"https:\/\/www.confere.org.br\/wordpress\/wp-json\/wp\/v2\/posts\/12588\/revisions\/12594"}],"wp:featuredmedia":[{"embeddable":true,"href":"https:\/\/www.confere.org.br\/wordpress\/wp-json\/wp\/v2\/media\/12574"}],"wp:attachment":[{"href":"https:\/\/www.confere.org.br\/wordpress\/wp-json\/wp\/v2\/media?parent=12588"}],"wp:term":[{"taxonomy":"category","embeddable":true,"href":"https:\/\/www.confere.org.br\/wordpress\/wp-json\/wp\/v2\/categories?post=12588"},{"taxonomy":"post_tag","embeddable":true,"href":"https:\/\/www.confere.org.br\/wordpress\/wp-json\/wp\/v2\/tags?post=12588"}],"curies":[{"name":"wp","href":"https:\/\/api.w.org\/{rel}","templated":true}]}}