{"id":12602,"date":"2023-12-27T11:05:39","date_gmt":"2023-12-27T14:05:39","guid":{"rendered":"https:\/\/www.confere.org.br\/wordpress\/?p=12602"},"modified":"2023-12-27T11:05:41","modified_gmt":"2023-12-27T14:05:41","slug":"2023-resolucao-no-2-101","status":"publish","type":"post","link":"https:\/\/www.confere.org.br\/wordpress\/2023-resolucao-no-2-101\/","title":{"rendered":"2023 &#8211; Resolu\u00e7\u00e3o n\u00ba 2.101"},"content":{"rendered":"\n<p>Disp\u00f5e sobre o processo eleitoral pelo voto direto para composi\u00e7\u00e3o do Conselho Regional dos Representantes Comerciais no Estado de Goi\u00e1s &#8211; Core-GO, no tri\u00eanio 2024\/2027.<\/p>\n<p><a href=\"https:\/\/www.confere.org.br\/wordpress\/wp-content\/uploads\/2023\/12\/Resolucao-Eleicao-Core-GO.pdf\">https:\/\/www.confere.org.br\/wordpress\/wp-content\/uploads\/2023\/12\/Resolucao-Eleicao-Core-GO.pdf<\/a><\/p>\n\n\n","protected":false},"excerpt":{"rendered":"<p>2.101, Resolu\u00e7\u00e3o, https:\/\/www.confere.org.br\/wordpress\/wp-content\/uploads\/2023\/12\/Resolucao-Eleicao-Core-GO.pdf<\/p>\n","protected":false},"author":3,"featured_media":0,"comment_status":"closed","ping_status":"closed","sticky":false,"template":"","format":"standard","meta":[],"categories":[52],"tags":[],"_links":{"self":[{"href":"https:\/\/www.confere.org.br\/wordpress\/wp-json\/wp\/v2\/posts\/12602"}],"collection":[{"href":"https:\/\/www.confere.org.br\/wordpress\/wp-json\/wp\/v2\/posts"}],"about":[{"href":"https:\/\/www.confere.org.br\/wordpress\/wp-json\/wp\/v2\/types\/post"}],"author":[{"embeddable":true,"href":"https:\/\/www.confere.org.br\/wordpress\/wp-json\/wp\/v2\/users\/3"}],"replies":[{"embeddable":true,"href":"https:\/\/www.confere.org.br\/wordpress\/wp-json\/wp\/v2\/comments?post=12602"}],"version-history":[{"count":1,"href":"https:\/\/www.confere.org.br\/wordpress\/wp-json\/wp\/v2\/posts\/12602\/revisions"}],"predecessor-version":[{"id":12603,"href":"https:\/\/www.confere.org.br\/wordpress\/wp-json\/wp\/v2\/posts\/12602\/revisions\/12603"}],"wp:attachment":[{"href":"https:\/\/www.confere.org.br\/wordpress\/wp-json\/wp\/v2\/media?parent=12602"}],"wp:term":[{"taxonomy":"category","embeddable":true,"href":"https:\/\/www.confere.org.br\/wordpress\/wp-json\/wp\/v2\/categories?post=12602"},{"taxonomy":"post_tag","embeddable":true,"href":"https:\/\/www.confere.org.br\/wordpress\/wp-json\/wp\/v2\/tags?post=12602"}],"curies":[{"name":"wp","href":"https:\/\/api.w.org\/{rel}","templated":true}]}}