{"id":12604,"date":"2023-12-27T11:18:10","date_gmt":"2023-12-27T14:18:10","guid":{"rendered":"https:\/\/www.confere.org.br\/wordpress\/?p=12604"},"modified":"2024-10-30T15:28:02","modified_gmt":"2024-10-30T18:28:02","slug":"estudo-mede-aquecimento-de-negocios-para-microempreendedores-no-fim-do-ano","status":"publish","type":"post","link":"https:\/\/www.confere.org.br\/wordpress\/estudo-mede-aquecimento-de-negocios-para-microempreendedores-no-fim-do-ano\/","title":{"rendered":"Estudo mede aquecimento de neg\u00f3cios para microempreendedores no fim do ano"},"content":{"rendered":"\n<p>A atividade de micro e pequenas empresas cresceu cerca de 5% no m\u00eas de novembro, segundo \u00edndice da<br><a href=\"https:\/\/www.sumup.com\/pt-br\/indice\/\">SumUp<\/a>, empresa de maquininhas de cart\u00e3o e servi\u00e7os financeiros. N\u00e3o apenas grandes varejistas, mas os<br>microempreendedores tamb\u00e9m foram beneficiados pelas compras de fim de ano, com o <a href=\"https:\/\/www.sumup.com\/pt-br\/indice\/\">\u00cdndice SumUp do<br>Microempreendedor (ISM) <\/a>atingindo 109 pontos no m\u00eas, frente aos 103,8 registrados em outubro. \u201cO<br>aquecimento do com\u00e9rcio no fim do ano e o pagamento do 13\u00b0 sal\u00e1rio s\u00e3o alguns dos motivos que explicam o<br>crescimento da atividade econ\u00f4mica dos empreendedores da base da pir\u00e2mide\u201d, diz Lilian Parola, diretora de<br>mercados de capitais da SumUp para a Am\u00e9rica Latina.<\/p>\n\n\n\n<p><br>A companhia mensurou individualmente a atividade dos microempreendedores nos estados mais relevantes<br>para sua opera\u00e7\u00e3o no Brasil: Bahia, Cear\u00e1, Minas Gerais, Rio de Janeiro e S\u00e3o Paulo. O com\u00e9rcio do segmento<br>est\u00e1 mais aquecido em SP, com uma varia\u00e7\u00e3o positiva de 1,6% em novembro, rumo aos 112,7 mil. Bahia e Minas<br>Gerais foram os \u00fanicos entre os cinco a registrar quedas na atividade para o per\u00edodo, de 0,74% e 0,3%,<br>respectivamente.<\/p>\n\n\n\n<p>Nesta \u00faltima edi\u00e7\u00e3o do ISM, a SumUp recalibrou o \u00edndice motivada por acontecimentos ocorridas no Brasil nos<br>\u00faltimos anos, como a pandemia. \u201cDesde a cria\u00e7\u00e3o da primeira vers\u00e3o do ISM, em 2019, enfrentamos diversos<br>acontecimentos que mudaram definitivamente a maneira do brasileiro vender e comprar\u201d, diz Carlos Grieco,<br>presidente da SumUp no Brasil.<\/p>\n\n\n\n<p>Fonte: Veja Mercado<\/p>\n\n\n\n<p>\u00a0<\/p>\n<p>\u00a0<\/p>\n","protected":false},"excerpt":{"rendered":"<p>Atividade do segmento cresceu 5% em novembro em meio \u00e0s compras sazonais<\/p>\n","protected":false},"author":7,"featured_media":12605,"comment_status":"closed","ping_status":"closed","sticky":false,"template":"","format":"standard","meta":[],"categories":[2],"tags":[],"_links":{"self":[{"href":"https:\/\/www.confere.org.br\/wordpress\/wp-json\/wp\/v2\/posts\/12604"}],"collection":[{"href":"https:\/\/www.confere.org.br\/wordpress\/wp-json\/wp\/v2\/posts"}],"about":[{"href":"https:\/\/www.confere.org.br\/wordpress\/wp-json\/wp\/v2\/types\/post"}],"author":[{"embeddable":true,"href":"https:\/\/www.confere.org.br\/wordpress\/wp-json\/wp\/v2\/users\/7"}],"replies":[{"embeddable":true,"href":"https:\/\/www.confere.org.br\/wordpress\/wp-json\/wp\/v2\/comments?post=12604"}],"version-history":[{"count":3,"href":"https:\/\/www.confere.org.br\/wordpress\/wp-json\/wp\/v2\/posts\/12604\/revisions"}],"predecessor-version":[{"id":14780,"href":"https:\/\/www.confere.org.br\/wordpress\/wp-json\/wp\/v2\/posts\/12604\/revisions\/14780"}],"wp:featuredmedia":[{"embeddable":true,"href":"https:\/\/www.confere.org.br\/wordpress\/wp-json\/wp\/v2\/media\/12605"}],"wp:attachment":[{"href":"https:\/\/www.confere.org.br\/wordpress\/wp-json\/wp\/v2\/media?parent=12604"}],"wp:term":[{"taxonomy":"category","embeddable":true,"href":"https:\/\/www.confere.org.br\/wordpress\/wp-json\/wp\/v2\/categories?post=12604"},{"taxonomy":"post_tag","embeddable":true,"href":"https:\/\/www.confere.org.br\/wordpress\/wp-json\/wp\/v2\/tags?post=12604"}],"curies":[{"name":"wp","href":"https:\/\/api.w.org\/{rel}","templated":true}]}}