{"id":12617,"date":"2023-12-28T15:12:38","date_gmt":"2023-12-28T18:12:38","guid":{"rendered":"https:\/\/www.confere.org.br\/wordpress\/?p=12617"},"modified":"2024-03-28T09:48:04","modified_gmt":"2024-03-28T12:48:04","slug":"dispensa-eletronica-no-040-2023-criacao-e-implantacao-do-website-do-core-pb","status":"publish","type":"post","link":"https:\/\/www.confere.org.br\/wordpress\/dispensa-eletronica-no-040-2023-criacao-e-implantacao-do-website-do-core-pb\/","title":{"rendered":"Dispensa Eletr\u00f4nica n\u00ba 040\/2023 &#8211; Cria\u00e7\u00e3o e Implanta\u00e7\u00e3o do Website do CORE-PB"},"content":{"rendered":"\n<ul class=\"x_elementToProof\">\n<li><span class=\"x_ContentPasted0\"><a href=\"https:\/\/www.confere.org.br\/wordpress\/wp-content\/uploads\/2023\/12\/Termo_de_Referencia___Prestacao_de_Servicos.pdf\">Termo de Refer\u00eancia<\/a><br aria-hidden=\"true\" \/><\/span><\/li>\n<li><span class=\"x_ContentPasted0\"><a href=\"https:\/\/www.confere.org.br\/wordpress\/wp-content\/uploads\/2023\/12\/REGRAS-GERAIS.pdf\">Regras Gerais<\/a><br aria-hidden=\"true\" \/><\/span><\/li>\n<li><a href=\"https:\/\/www.confere.org.br\/wordpress\/wp-content\/uploads\/2023\/12\/ANEXO-I.pdf\"><span class=\"x_ContentPasted0\">Anexo I<\/span><\/a><\/li>\n<li><span class=\"x_ContentPasted0\"><a href=\"https:\/\/www.confere.org.br\/wordpress\/wp-content\/uploads\/2023\/12\/ANEXO-II.pdf\">Anexo II<\/a><br aria-hidden=\"true\" \/><\/span><\/li>\n<li><span class=\"x_ContentPasted0 x_ContentPasted1\">Link PNCP:\u00a0<a id=\"LPNoLPOWALinkPreview\" class=\"x_OWAAutoLink\" href=\"https:\/\/pncp.gov.br\/app\/editais\/34046367000168\/2023\/51\" target=\"_blank\" rel=\"noopener noreferrer\" data-auth=\"NotApplicable\" data-loopstyle=\"linkonly\" data-linkindex=\"0\">https:\/\/pncp.gov.br\/app\/editais\/34046367000168\/2023\/51<\/a><br aria-hidden=\"true\" \/><\/span><\/li>\n<li><a href=\"https:\/\/www.confere.org.br\/wordpress\/wp-content\/uploads\/2023\/12\/Autorizacao-do-Ordenador-de-Despesa.pdf\"><span class=\"x_ContentPasted0\">Autoriza\u00e7\u00e3o do Ordenador de Despesa<\/span><\/a><\/li>\n<li><span class=\"x_ContentPasted0\">Data da sess\u00e3o: 04\/01\/2024<\/span><\/li>\n<li><a href=\"https:\/\/www.confere.org.br\/wordpress\/wp-content\/uploads\/2024\/03\/relatorio-dispensa-38904706000402023.pdf\">13\/03\/2024 &#8211; Relat\u00f3rio Homologado<\/a><\/li>\n<\/ul>\n","protected":false},"excerpt":{"rendered":"<p>Termo de Refer\u00eancia Regras Gerais Anexo I Anexo II Link PNCP:\u00a0https:\/\/pncp.gov.br\/app\/editais\/34046367000168\/2023\/51 Autoriza\u00e7\u00e3o do Ordenador de Despesa Data da sess\u00e3o: 04\/01\/2024 13\/03\/2024 &#8211; Relat\u00f3rio Homologado<\/p>\n","protected":false},"author":7,"featured_media":0,"comment_status":"closed","ping_status":"closed","sticky":false,"template":"","format":"standard","meta":[],"categories":[60],"tags":[],"_links":{"self":[{"href":"https:\/\/www.confere.org.br\/wordpress\/wp-json\/wp\/v2\/posts\/12617"}],"collection":[{"href":"https:\/\/www.confere.org.br\/wordpress\/wp-json\/wp\/v2\/posts"}],"about":[{"href":"https:\/\/www.confere.org.br\/wordpress\/wp-json\/wp\/v2\/types\/post"}],"author":[{"embeddable":true,"href":"https:\/\/www.confere.org.br\/wordpress\/wp-json\/wp\/v2\/users\/7"}],"replies":[{"embeddable":true,"href":"https:\/\/www.confere.org.br\/wordpress\/wp-json\/wp\/v2\/comments?post=12617"}],"version-history":[{"count":3,"href":"https:\/\/www.confere.org.br\/wordpress\/wp-json\/wp\/v2\/posts\/12617\/revisions"}],"predecessor-version":[{"id":13249,"href":"https:\/\/www.confere.org.br\/wordpress\/wp-json\/wp\/v2\/posts\/12617\/revisions\/13249"}],"wp:attachment":[{"href":"https:\/\/www.confere.org.br\/wordpress\/wp-json\/wp\/v2\/media?parent=12617"}],"wp:term":[{"taxonomy":"category","embeddable":true,"href":"https:\/\/www.confere.org.br\/wordpress\/wp-json\/wp\/v2\/categories?post=12617"},{"taxonomy":"post_tag","embeddable":true,"href":"https:\/\/www.confere.org.br\/wordpress\/wp-json\/wp\/v2\/tags?post=12617"}],"curies":[{"name":"wp","href":"https:\/\/api.w.org\/{rel}","templated":true}]}}