{"id":12624,"date":"2023-12-28T15:29:36","date_gmt":"2023-12-28T18:29:36","guid":{"rendered":"https:\/\/www.confere.org.br\/wordpress\/?p=12624"},"modified":"2023-12-28T15:29:38","modified_gmt":"2023-12-28T18:29:38","slug":"2023-resolucao-no-2-100","status":"publish","type":"post","link":"https:\/\/www.confere.org.br\/wordpress\/2023-resolucao-no-2-100\/","title":{"rendered":"2023 &#8211; Resolu\u00e7\u00e3o n\u00ba 2.100"},"content":{"rendered":"\n<p>Disp\u00f5e sobre o pagamento de jeton pela participa\u00e7\u00e3o em reuni\u00f5es deliberativas e normatiza a concess\u00e3o de di\u00e1rias, aux\u00edlio de representa\u00e7\u00e3o, no \u00e2mbito do Sistema Confere\/Cores.<\/p>\n<p><a href=\"https:\/\/www.confere.org.br\/wordpress\/wp-content\/uploads\/2023\/12\/Resolucao-verbas-ind-dezembro-2023-1.pdf\">Resolucao verbas ind dezembro 2023 1<\/a><\/p>\n","protected":false},"excerpt":{"rendered":"<p>2.100, Resolu\u00e7\u00e3o, https:\/\/www.confere.org.br\/wordpress\/wp-content\/uploads\/2023\/12\/Resolucao-verbas-ind-dezembro-2023-1.pdf<\/p>\n","protected":false},"author":7,"featured_media":0,"comment_status":"closed","ping_status":"closed","sticky":false,"template":"","format":"standard","meta":[],"categories":[52],"tags":[],"_links":{"self":[{"href":"https:\/\/www.confere.org.br\/wordpress\/wp-json\/wp\/v2\/posts\/12624"}],"collection":[{"href":"https:\/\/www.confere.org.br\/wordpress\/wp-json\/wp\/v2\/posts"}],"about":[{"href":"https:\/\/www.confere.org.br\/wordpress\/wp-json\/wp\/v2\/types\/post"}],"author":[{"embeddable":true,"href":"https:\/\/www.confere.org.br\/wordpress\/wp-json\/wp\/v2\/users\/7"}],"replies":[{"embeddable":true,"href":"https:\/\/www.confere.org.br\/wordpress\/wp-json\/wp\/v2\/comments?post=12624"}],"version-history":[{"count":2,"href":"https:\/\/www.confere.org.br\/wordpress\/wp-json\/wp\/v2\/posts\/12624\/revisions"}],"predecessor-version":[{"id":12630,"href":"https:\/\/www.confere.org.br\/wordpress\/wp-json\/wp\/v2\/posts\/12624\/revisions\/12630"}],"wp:attachment":[{"href":"https:\/\/www.confere.org.br\/wordpress\/wp-json\/wp\/v2\/media?parent=12624"}],"wp:term":[{"taxonomy":"category","embeddable":true,"href":"https:\/\/www.confere.org.br\/wordpress\/wp-json\/wp\/v2\/categories?post=12624"},{"taxonomy":"post_tag","embeddable":true,"href":"https:\/\/www.confere.org.br\/wordpress\/wp-json\/wp\/v2\/tags?post=12624"}],"curies":[{"name":"wp","href":"https:\/\/api.w.org\/{rel}","templated":true}]}}