{"id":12628,"date":"2023-12-28T15:34:14","date_gmt":"2023-12-28T18:34:14","guid":{"rendered":"https:\/\/www.confere.org.br\/wordpress\/?p=12628"},"modified":"2023-12-28T15:34:15","modified_gmt":"2023-12-28T18:34:15","slug":"2023-resolucao-no-2-102","status":"publish","type":"post","link":"https:\/\/www.confere.org.br\/wordpress\/2023-resolucao-no-2-102\/","title":{"rendered":"2023 &#8211; Resolu\u00e7\u00e3o n\u00ba 2.102"},"content":{"rendered":"\n<p>Disp\u00f5e sobre o pagamento de jeton pela participa\u00e7\u00e3o em reuni\u00f5es deliberativas e acerca da concess\u00e3o de di\u00e1rias e do aux\u00edlio representa\u00e7\u00e3o no \u00e2mbito do Confere.<\/p>\n<p><a href=\"https:\/\/www.confere.org.br\/wordpress\/wp-content\/uploads\/2023\/12\/Resolucao-verbas-ind-no-Confere-dezembro-2023-3.pdf\">Resolucao verbas ind no Confere dezembro 2023 3<\/a><\/p>\n","protected":false},"excerpt":{"rendered":"<p>2.102, Resolu\u00e7\u00e3o, https:\/\/www.confere.org.br\/wordpress\/wp-content\/uploads\/2023\/12\/Resolucao-verbas-ind-no-Confere-dezembro-2023-3.pdf<\/p>\n","protected":false},"author":7,"featured_media":0,"comment_status":"closed","ping_status":"closed","sticky":false,"template":"","format":"standard","meta":[],"categories":[52],"tags":[],"_links":{"self":[{"href":"https:\/\/www.confere.org.br\/wordpress\/wp-json\/wp\/v2\/posts\/12628"}],"collection":[{"href":"https:\/\/www.confere.org.br\/wordpress\/wp-json\/wp\/v2\/posts"}],"about":[{"href":"https:\/\/www.confere.org.br\/wordpress\/wp-json\/wp\/v2\/types\/post"}],"author":[{"embeddable":true,"href":"https:\/\/www.confere.org.br\/wordpress\/wp-json\/wp\/v2\/users\/7"}],"replies":[{"embeddable":true,"href":"https:\/\/www.confere.org.br\/wordpress\/wp-json\/wp\/v2\/comments?post=12628"}],"version-history":[{"count":1,"href":"https:\/\/www.confere.org.br\/wordpress\/wp-json\/wp\/v2\/posts\/12628\/revisions"}],"predecessor-version":[{"id":12631,"href":"https:\/\/www.confere.org.br\/wordpress\/wp-json\/wp\/v2\/posts\/12628\/revisions\/12631"}],"wp:attachment":[{"href":"https:\/\/www.confere.org.br\/wordpress\/wp-json\/wp\/v2\/media?parent=12628"}],"wp:term":[{"taxonomy":"category","embeddable":true,"href":"https:\/\/www.confere.org.br\/wordpress\/wp-json\/wp\/v2\/categories?post=12628"},{"taxonomy":"post_tag","embeddable":true,"href":"https:\/\/www.confere.org.br\/wordpress\/wp-json\/wp\/v2\/tags?post=12628"}],"curies":[{"name":"wp","href":"https:\/\/api.w.org\/{rel}","templated":true}]}}