{"id":12648,"date":"2023-12-29T11:44:31","date_gmt":"2023-12-29T14:44:31","guid":{"rendered":"https:\/\/www.confere.org.br\/wordpress\/?p=12648"},"modified":"2024-07-30T13:36:21","modified_gmt":"2024-07-30T16:36:21","slug":"processo-administrativo-no-056-23","status":"publish","type":"post","link":"https:\/\/www.confere.org.br\/wordpress\/processo-administrativo-no-056-23\/","title":{"rendered":"Processo Administrativo n\u00ba 056\/23 &#8211; Remo\u00e7\u00e3o DryWaal"},"content":{"rendered":"\n<ul data-editing-info=\"{&quot;orderedStyleType&quot;:1,&quot;unorderedStyleType&quot;:1}\">\n<li><a href=\"https:\/\/www.confere.org.br\/wordpress\/wp-content\/uploads\/2023\/12\/TR_SERVICOS_DRYWALL__assinado.pdf\">Termo de Refer\u00eancia<\/a><\/li>\n<li><a href=\"https:\/\/www.confere.org.br\/wordpress\/wp-content\/uploads\/2023\/12\/DESPACHO_TR_REMOCAO_DRYWALL_COM_REFORMA_assinado_editado-1.pdf\">Autoriza\u00e7\u00e3o do Gestor<\/a><\/li>\n<li><a href=\"https:\/\/www.confere.org.br\/wordpress\/wp-content\/uploads\/2023\/12\/DESPACHO_RATIFICACAO_DRYWALL2_assinado_editado.pdf\">Ratifica\u00e7\u00e3o do Gestor<\/a><\/li>\n<\/ul>\n\n\n","protected":false},"excerpt":{"rendered":"<p>Termo de Refer\u00eancia Autoriza\u00e7\u00e3o do Gestor Ratifica\u00e7\u00e3o do Gestor<\/p>\n","protected":false},"author":3,"featured_media":0,"comment_status":"closed","ping_status":"closed","sticky":false,"template":"","format":"standard","meta":[],"categories":[55],"tags":[],"_links":{"self":[{"href":"https:\/\/www.confere.org.br\/wordpress\/wp-json\/wp\/v2\/posts\/12648"}],"collection":[{"href":"https:\/\/www.confere.org.br\/wordpress\/wp-json\/wp\/v2\/posts"}],"about":[{"href":"https:\/\/www.confere.org.br\/wordpress\/wp-json\/wp\/v2\/types\/post"}],"author":[{"embeddable":true,"href":"https:\/\/www.confere.org.br\/wordpress\/wp-json\/wp\/v2\/users\/3"}],"replies":[{"embeddable":true,"href":"https:\/\/www.confere.org.br\/wordpress\/wp-json\/wp\/v2\/comments?post=12648"}],"version-history":[{"count":3,"href":"https:\/\/www.confere.org.br\/wordpress\/wp-json\/wp\/v2\/posts\/12648\/revisions"}],"predecessor-version":[{"id":12656,"href":"https:\/\/www.confere.org.br\/wordpress\/wp-json\/wp\/v2\/posts\/12648\/revisions\/12656"}],"wp:attachment":[{"href":"https:\/\/www.confere.org.br\/wordpress\/wp-json\/wp\/v2\/media?parent=12648"}],"wp:term":[{"taxonomy":"category","embeddable":true,"href":"https:\/\/www.confere.org.br\/wordpress\/wp-json\/wp\/v2\/categories?post=12648"},{"taxonomy":"post_tag","embeddable":true,"href":"https:\/\/www.confere.org.br\/wordpress\/wp-json\/wp\/v2\/tags?post=12648"}],"curies":[{"name":"wp","href":"https:\/\/api.w.org\/{rel}","templated":true}]}}