{"id":12657,"date":"2024-01-02T09:34:28","date_gmt":"2024-01-02T12:34:28","guid":{"rendered":"https:\/\/www.confere.org.br\/wordpress\/?p=12657"},"modified":"2024-01-02T09:35:16","modified_gmt":"2024-01-02T12:35:16","slug":"taxa-de-desemprego-no-pais-cai-para-75-e-atinge-o-menor-nivel-desde-2015","status":"publish","type":"post","link":"https:\/\/www.confere.org.br\/wordpress\/taxa-de-desemprego-no-pais-cai-para-75-e-atinge-o-menor-nivel-desde-2015\/","title":{"rendered":"Taxa de desemprego no pa\u00eds cai para 7,5% e atinge o menor n\u00edvel desde 2015"},"content":{"rendered":"\n<p>A taxa de desemprego no Brasil caiu para 7,5% no trimestre terminado em novembro, segundo a Pesquisa Nacional por Amostra de Domic\u00edlios (PNAD) Cont\u00ednua, divulgada nesta sexta-feira, 29, pelo Instituto Brasileiro de Geografia e Estat\u00edstica (IBGE). Trata-se da menor taxa para um trimestre desde fevereiro de 2015. No trimestre anterior, de junho a agosto, o \u00edndice ficou em 7,8%. No mesmo per\u00edodo em 2022, era de 8,1%. \u00c9 a terceira queda consecutiva da taxa de desemprego, e a menor para um trimestre encerrado em novembro desde 2014.<\/p>\n\n\n\n<p>Em n\u00fameros absolutos, s\u00e3o 8,2 milh\u00f5es de pessoas desocupadas. No trimestre, entre as pessoas ocupadas,<br>houve crescimento de 0,9%, que chegou ao recorde de 100,5 milh\u00f5es de pessoas, maior n\u00famero da s\u00e9rie hist\u00f3rica iniciada em 2012. No ano, o aumento foi de 0,8%, com mais 815 mil pessoas ocupadas. A soma de ocupados e desocupados teve alta de 0,6% no trimestre, estimado em 108,7 milh\u00f5es. A popula\u00e7\u00e3o fora da for\u00e7a totalizou 66,5 milh\u00f5es. <\/p>\n\n\n\n<p>Pesquisa, em 2012, atr\u00e1s apenas de junho de 2014 (37,8 milh\u00f5es). J\u00e1 o n\u00famero de empregados sem carteira no setor privado (13,4 milh\u00f5es) foi o maior da s\u00e9rie, apesar de ficar est\u00e1vel no trimestre e no ano. O n\u00famero de trabalhadores por conta pr\u00f3pria (25,6 milh\u00f5es de pessoas) tamb\u00e9m ficou est\u00e1vel em rela\u00e7\u00e3o ao trimestre anterior e ao mesmo per\u00edodo do ano passado, assim como o n\u00famero de trabalhadores dom\u00e9sticos (5,9 milh\u00f5es de pessoas).<\/p>\n\n\n\n<p>A taxa de informalidade foi de 39,2% da popula\u00e7\u00e3o ocupada (ou 39,4 milh\u00f5es de trabalhadores informais) contra 39,1% no trimestre anterior e 38,9% no mesmo trimestre de 2022.<\/p>\n\n\n\n<p>Fonte: Veja Mercado<\/p>\n","protected":false},"excerpt":{"rendered":"<p>Dados s\u00e3o do trimestre encerrado em novembro. N\u00famero de pessoas ocupadas chegou a 100,5 milh\u00f5es, o maior resultado desde o<br \/>\nin\u00edcio da s\u00e9rie hist\u00f3rica<\/p>\n","protected":false},"author":7,"featured_media":12658,"comment_status":"closed","ping_status":"closed","sticky":false,"template":"","format":"standard","meta":[],"categories":[2],"tags":[],"_links":{"self":[{"href":"https:\/\/www.confere.org.br\/wordpress\/wp-json\/wp\/v2\/posts\/12657"}],"collection":[{"href":"https:\/\/www.confere.org.br\/wordpress\/wp-json\/wp\/v2\/posts"}],"about":[{"href":"https:\/\/www.confere.org.br\/wordpress\/wp-json\/wp\/v2\/types\/post"}],"author":[{"embeddable":true,"href":"https:\/\/www.confere.org.br\/wordpress\/wp-json\/wp\/v2\/users\/7"}],"replies":[{"embeddable":true,"href":"https:\/\/www.confere.org.br\/wordpress\/wp-json\/wp\/v2\/comments?post=12657"}],"version-history":[{"count":3,"href":"https:\/\/www.confere.org.br\/wordpress\/wp-json\/wp\/v2\/posts\/12657\/revisions"}],"predecessor-version":[{"id":12661,"href":"https:\/\/www.confere.org.br\/wordpress\/wp-json\/wp\/v2\/posts\/12657\/revisions\/12661"}],"wp:featuredmedia":[{"embeddable":true,"href":"https:\/\/www.confere.org.br\/wordpress\/wp-json\/wp\/v2\/media\/12658"}],"wp:attachment":[{"href":"https:\/\/www.confere.org.br\/wordpress\/wp-json\/wp\/v2\/media?parent=12657"}],"wp:term":[{"taxonomy":"category","embeddable":true,"href":"https:\/\/www.confere.org.br\/wordpress\/wp-json\/wp\/v2\/categories?post=12657"},{"taxonomy":"post_tag","embeddable":true,"href":"https:\/\/www.confere.org.br\/wordpress\/wp-json\/wp\/v2\/tags?post=12657"}],"curies":[{"name":"wp","href":"https:\/\/api.w.org\/{rel}","templated":true}]}}