{"id":12671,"date":"2024-01-03T08:40:19","date_gmt":"2024-01-03T11:40:19","guid":{"rendered":"https:\/\/www.confere.org.br\/wordpress\/?p=12671"},"modified":"2024-01-03T08:40:21","modified_gmt":"2024-01-03T11:40:21","slug":"itens-da-cesta-de-fim-de-ano-registram-crescimento-de-venda","status":"publish","type":"post","link":"https:\/\/www.confere.org.br\/wordpress\/itens-da-cesta-de-fim-de-ano-registram-crescimento-de-venda\/","title":{"rendered":"Itens da cesta de fim de ano registram crescimento de venda"},"content":{"rendered":"\n<p>Levantamento da\u00a0Scanntech\u00a0aponta que as cestas com produtos de fim de ano tiveram um aumento de vendas 2,37%, em compara\u00e7\u00e3o com o mesmo per\u00edodo em 2022. Este crescimento \u00e9 impulsionado por um aumento de 5,1% no pre\u00e7o m\u00e9dio dos itens da cesta.<\/p>\n<p>Composto por v\u00e1rios itens, o azeite foi o que registrou o maior aumento de pre\u00e7o entre as categorias (34,5%), enquanto as vendas unit\u00e1rias mostraram uma retra\u00e7\u00e3o consider\u00e1vel, sendo o azeite tamb\u00e9m o produto com a maior queda em vendas unit\u00e1rias (-14,93%).<\/p>\n<p>O estudo analisou dados de itens como fruta in natura, maionese, panetone, vinho, leite condensado, farofa, castanha e outros durante as duas semanas ap\u00f3s a Black Friday entre os anos de 2023 e 2022. Na infla\u00e7\u00e3o dos pre\u00e7os se destacam a fruta em calda com aumento de 13,83% no valor, o espumante subiu 5,33% e frutas secas 2,29%.<\/p>\n<p>Entre os produtos da cesta que apresentaram a maior retra\u00e7\u00e3o no pre\u00e7o est\u00e1 o leite condensado com defla\u00e7\u00e3o de 13,16%, o motivo \u00e9 a redu\u00e7\u00e3o do pre\u00e7o da mat\u00e9ria prima, o leite. Em segundo lugar ficou o milho em conserva com 7,73%, t\u00e3o comum em farofas e maioneses.<\/p>\n<p>Fonte: Super Varejo<\/p>\n","protected":false},"excerpt":{"rendered":"<p>O estudo analisou dados de itens como fruta in natura, maionese, panetones, vinho, leite condensado, farofa, castanha e outros<\/p>\n","protected":false},"author":7,"featured_media":12672,"comment_status":"closed","ping_status":"closed","sticky":false,"template":"","format":"standard","meta":[],"categories":[2],"tags":[],"_links":{"self":[{"href":"https:\/\/www.confere.org.br\/wordpress\/wp-json\/wp\/v2\/posts\/12671"}],"collection":[{"href":"https:\/\/www.confere.org.br\/wordpress\/wp-json\/wp\/v2\/posts"}],"about":[{"href":"https:\/\/www.confere.org.br\/wordpress\/wp-json\/wp\/v2\/types\/post"}],"author":[{"embeddable":true,"href":"https:\/\/www.confere.org.br\/wordpress\/wp-json\/wp\/v2\/users\/7"}],"replies":[{"embeddable":true,"href":"https:\/\/www.confere.org.br\/wordpress\/wp-json\/wp\/v2\/comments?post=12671"}],"version-history":[{"count":1,"href":"https:\/\/www.confere.org.br\/wordpress\/wp-json\/wp\/v2\/posts\/12671\/revisions"}],"predecessor-version":[{"id":12673,"href":"https:\/\/www.confere.org.br\/wordpress\/wp-json\/wp\/v2\/posts\/12671\/revisions\/12673"}],"wp:featuredmedia":[{"embeddable":true,"href":"https:\/\/www.confere.org.br\/wordpress\/wp-json\/wp\/v2\/media\/12672"}],"wp:attachment":[{"href":"https:\/\/www.confere.org.br\/wordpress\/wp-json\/wp\/v2\/media?parent=12671"}],"wp:term":[{"taxonomy":"category","embeddable":true,"href":"https:\/\/www.confere.org.br\/wordpress\/wp-json\/wp\/v2\/categories?post=12671"},{"taxonomy":"post_tag","embeddable":true,"href":"https:\/\/www.confere.org.br\/wordpress\/wp-json\/wp\/v2\/tags?post=12671"}],"curies":[{"name":"wp","href":"https:\/\/api.w.org\/{rel}","templated":true}]}}