{"id":12696,"date":"2024-01-09T10:41:07","date_gmt":"2024-01-09T13:41:07","guid":{"rendered":"https:\/\/www.confere.org.br\/wordpress\/?p=12696"},"modified":"2026-04-07T15:47:18","modified_gmt":"2026-04-07T18:47:18","slug":"dispensa-eletronica-administrativo-de-contratacao-direta-n-o-26-2023","status":"publish","type":"post","link":"https:\/\/www.confere.org.br\/wordpress\/dispensa-eletronica-administrativo-de-contratacao-direta-n-o-26-2023\/","title":{"rendered":"Dispensa &#8211; Processo Administrativo de Contrata\u00e7\u00e3o Direta n.\u00ba 26\/2023 &#8211; Contrata\u00e7\u00e3o de empresa organizadora de concurso p\u00fablico para os Cores: BA, CE, MT, PI, PR, RJ, RN, SC e SP"},"content":{"rendered":"\n\n\n<ol start=\"1\" data-editing-info=\"{&quot;orderedStyleType&quot;:3,&quot;unorderedStyleType&quot;:1}\">\n<li><a href=\"https:\/\/www.confere.org.br\/wordpress\/wp-content\/uploads\/2024\/01\/EDITAL_-_CHAMAMENTO_PUBLICO_assinado_assinado-2.pdf\">Edital Chamamento P\u00fablico;<\/a><\/li>\n<li><a href=\"https:\/\/www.confere.org.br\/wordpress\/wp-content\/uploads\/2024\/01\/Termo_de_Retificacao_assinado-1.pdf\">Termo de Retifica\u00e7\u00e3o;<\/a><\/li>\n<li><a href=\"https:\/\/www.confere.org.br\/wordpress\/wp-content\/uploads\/2024\/01\/Fase_recursal_assinado.pdf\">Fase Recursal.<\/a><\/li>\n<li><a href=\"https:\/\/www.confere.org.br\/wordpress\/wp-content\/uploads\/2024\/07\/Parecer-no-01.2024-Concurso-Cores_ok.pdf\">Parecer da Procuradoria-Geral n\u00ba 01\/2024<\/a><\/li>\n<li><a href=\"https:\/\/www.confere.org.br\/wordpress\/wp-content\/uploads\/2024\/07\/Ratificacao-Concurso-Cores_ok.pdf\">Termo de Ratifica\u00e7\u00e3o<\/a><\/li>\n<li><a href=\"https:\/\/www.confere.org.br\/wordpress\/wp-content\/uploads\/2024\/07\/CONTRATO-QUADRIX.pdf\">Contrato QUADRIX<\/a><\/li>\n<li><a href=\"https:\/\/www.confere.org.br\/wordpress\/wp-content\/uploads\/2024\/12\/Contrato-Quadrix-Concurso-Confere-Cores.pdf\">Publica\u00e7\u00e3o no DOU<\/a><\/li>\n<\/ol>\n\n\n","protected":false},"excerpt":{"rendered":"<p>Edital Chamamento P\u00fablico; Termo de Retifica\u00e7\u00e3o; Fase Recursal. Parecer da Procuradoria-Geral n\u00ba 01\/2024 Termo de Ratifica\u00e7\u00e3o Contrato QUADRIX Publica\u00e7\u00e3o no DOU<\/p>\n","protected":false},"author":7,"featured_media":0,"comment_status":"closed","ping_status":"closed","sticky":false,"template":"","format":"standard","meta":[],"categories":[55],"tags":[],"_links":{"self":[{"href":"https:\/\/www.confere.org.br\/wordpress\/wp-json\/wp\/v2\/posts\/12696"}],"collection":[{"href":"https:\/\/www.confere.org.br\/wordpress\/wp-json\/wp\/v2\/posts"}],"about":[{"href":"https:\/\/www.confere.org.br\/wordpress\/wp-json\/wp\/v2\/types\/post"}],"author":[{"embeddable":true,"href":"https:\/\/www.confere.org.br\/wordpress\/wp-json\/wp\/v2\/users\/7"}],"replies":[{"embeddable":true,"href":"https:\/\/www.confere.org.br\/wordpress\/wp-json\/wp\/v2\/comments?post=12696"}],"version-history":[{"count":9,"href":"https:\/\/www.confere.org.br\/wordpress\/wp-json\/wp\/v2\/posts\/12696\/revisions"}],"predecessor-version":[{"id":18873,"href":"https:\/\/www.confere.org.br\/wordpress\/wp-json\/wp\/v2\/posts\/12696\/revisions\/18873"}],"wp:attachment":[{"href":"https:\/\/www.confere.org.br\/wordpress\/wp-json\/wp\/v2\/media?parent=12696"}],"wp:term":[{"taxonomy":"category","embeddable":true,"href":"https:\/\/www.confere.org.br\/wordpress\/wp-json\/wp\/v2\/categories?post=12696"},{"taxonomy":"post_tag","embeddable":true,"href":"https:\/\/www.confere.org.br\/wordpress\/wp-json\/wp\/v2\/tags?post=12696"}],"curies":[{"name":"wp","href":"https:\/\/api.w.org\/{rel}","templated":true}]}}