{"id":12705,"date":"2024-01-10T11:50:49","date_gmt":"2024-01-10T14:50:49","guid":{"rendered":"https:\/\/www.confere.org.br\/wordpress\/?p=12705"},"modified":"2024-01-10T11:51:28","modified_gmt":"2024-01-10T14:51:28","slug":"2023-portaria-no-47","status":"publish","type":"post","link":"https:\/\/www.confere.org.br\/wordpress\/2023-portaria-no-47\/","title":{"rendered":"2023 &#8211; Portaria n\u00ba 47\/2023"},"content":{"rendered":"\n<p>Designa o fiscal do contrato 08\/2023, firmado com a empresa BRFIBRA Telecomunica\u00e7\u00f5es LTDA, derivado do Processo de Licita\u00e7\u00e3o no 02\/2023, cujo objeto se refere ao fornecimento de link dedicado de internet; bem <br \/>como disp\u00f5e sobre suas atribui\u00e7\u00f5es.<\/p>\n<p><a href=\"https:\/\/www.confere.org.br\/wordpress\/wp-content\/uploads\/2024\/01\/PORTARIA_47_2023.pdf\">https:\/\/www.confere.org.br\/wordpress\/wp-content\/uploads\/2024\/01\/PORTARIA_47_2023.pdf<\/a><\/p>\n\n\n","protected":false},"excerpt":{"rendered":"<p>47, Portaria, https:\/\/www.confere.org.br\/wordpress\/wp-content\/uploads\/2024\/01\/PORTARIA_47_2023.pdf<\/p>\n","protected":false},"author":3,"featured_media":0,"comment_status":"closed","ping_status":"closed","sticky":false,"template":"","format":"standard","meta":[],"categories":[52],"tags":[],"_links":{"self":[{"href":"https:\/\/www.confere.org.br\/wordpress\/wp-json\/wp\/v2\/posts\/12705"}],"collection":[{"href":"https:\/\/www.confere.org.br\/wordpress\/wp-json\/wp\/v2\/posts"}],"about":[{"href":"https:\/\/www.confere.org.br\/wordpress\/wp-json\/wp\/v2\/types\/post"}],"author":[{"embeddable":true,"href":"https:\/\/www.confere.org.br\/wordpress\/wp-json\/wp\/v2\/users\/3"}],"replies":[{"embeddable":true,"href":"https:\/\/www.confere.org.br\/wordpress\/wp-json\/wp\/v2\/comments?post=12705"}],"version-history":[{"count":2,"href":"https:\/\/www.confere.org.br\/wordpress\/wp-json\/wp\/v2\/posts\/12705\/revisions"}],"predecessor-version":[{"id":12716,"href":"https:\/\/www.confere.org.br\/wordpress\/wp-json\/wp\/v2\/posts\/12705\/revisions\/12716"}],"wp:attachment":[{"href":"https:\/\/www.confere.org.br\/wordpress\/wp-json\/wp\/v2\/media?parent=12705"}],"wp:term":[{"taxonomy":"category","embeddable":true,"href":"https:\/\/www.confere.org.br\/wordpress\/wp-json\/wp\/v2\/categories?post=12705"},{"taxonomy":"post_tag","embeddable":true,"href":"https:\/\/www.confere.org.br\/wordpress\/wp-json\/wp\/v2\/tags?post=12705"}],"curies":[{"name":"wp","href":"https:\/\/api.w.org\/{rel}","templated":true}]}}