{"id":12717,"date":"2024-01-10T11:53:18","date_gmt":"2024-01-10T14:53:18","guid":{"rendered":"https:\/\/www.confere.org.br\/wordpress\/?p=12717"},"modified":"2024-01-10T11:53:20","modified_gmt":"2024-01-10T14:53:20","slug":"2023-portaria-no-119-2023","status":"publish","type":"post","link":"https:\/\/www.confere.org.br\/wordpress\/2023-portaria-no-119-2023\/","title":{"rendered":"2023 &#8211; Portaria n\u00ba 119\/2023"},"content":{"rendered":"\n<p>Designa o fiscal do contrato no 17\/2021 para a presta\u00e7\u00e3o de servi\u00e7os de fornecimento de sistemas de gest\u00e3o firmado com a EMPRESA <br \/>IMPLANTA INFORMATICALTDA. derivado do Preg\u00e3o eletr\u00f4nico no 10\/2021, no \u00e2mbito do Conselho Federal dos Representantes <br \/>Comerciais, no uso de suas atribui\u00e7\u00f5es legais e regimentais, e disp\u00f5e sobre suas atribui\u00e7\u00f5es.<\/p>\n<p><a href=\"https:\/\/www.confere.org.br\/wordpress\/wp-content\/uploads\/2024\/01\/PORTARIA_119_2023.pdf\">https:\/\/www.confere.org.br\/wordpress\/wp-content\/uploads\/2024\/01\/PORTARIA_119_2023.pdf<\/a><\/p>\n\n\n","protected":false},"excerpt":{"rendered":"<p>119, Portaria, https:\/\/www.confere.org.br\/wordpress\/wp-content\/uploads\/2024\/01\/PORTARIA_119_2023.pdf<\/p>\n","protected":false},"author":3,"featured_media":0,"comment_status":"closed","ping_status":"closed","sticky":false,"template":"","format":"standard","meta":[],"categories":[52],"tags":[],"_links":{"self":[{"href":"https:\/\/www.confere.org.br\/wordpress\/wp-json\/wp\/v2\/posts\/12717"}],"collection":[{"href":"https:\/\/www.confere.org.br\/wordpress\/wp-json\/wp\/v2\/posts"}],"about":[{"href":"https:\/\/www.confere.org.br\/wordpress\/wp-json\/wp\/v2\/types\/post"}],"author":[{"embeddable":true,"href":"https:\/\/www.confere.org.br\/wordpress\/wp-json\/wp\/v2\/users\/3"}],"replies":[{"embeddable":true,"href":"https:\/\/www.confere.org.br\/wordpress\/wp-json\/wp\/v2\/comments?post=12717"}],"version-history":[{"count":1,"href":"https:\/\/www.confere.org.br\/wordpress\/wp-json\/wp\/v2\/posts\/12717\/revisions"}],"predecessor-version":[{"id":12718,"href":"https:\/\/www.confere.org.br\/wordpress\/wp-json\/wp\/v2\/posts\/12717\/revisions\/12718"}],"wp:attachment":[{"href":"https:\/\/www.confere.org.br\/wordpress\/wp-json\/wp\/v2\/media?parent=12717"}],"wp:term":[{"taxonomy":"category","embeddable":true,"href":"https:\/\/www.confere.org.br\/wordpress\/wp-json\/wp\/v2\/categories?post=12717"},{"taxonomy":"post_tag","embeddable":true,"href":"https:\/\/www.confere.org.br\/wordpress\/wp-json\/wp\/v2\/tags?post=12717"}],"curies":[{"name":"wp","href":"https:\/\/api.w.org\/{rel}","templated":true}]}}