{"id":12719,"date":"2024-01-10T11:55:08","date_gmt":"2024-01-10T14:55:08","guid":{"rendered":"https:\/\/www.confere.org.br\/wordpress\/?p=12719"},"modified":"2024-01-10T11:55:10","modified_gmt":"2024-01-10T14:55:10","slug":"2023-portaria-no-137-2023","status":"publish","type":"post","link":"https:\/\/www.confere.org.br\/wordpress\/2023-portaria-no-137-2023\/","title":{"rendered":"2023 &#8211; Portaria n\u00ba 137\/2023"},"content":{"rendered":"\n<p>Designa o fiscal do contrato de ades\u00e3o para presta\u00e7\u00e3o de Servi\u00e7os Especializados de Tecnologia da Informa\u00e7\u00e3o (PROID), firmado com empresa SERPRO \u2014 Servi\u00e7o Federal de Processamento de Dados, derivado do Processo de dispensa no 28\/2021, no \u00e2mbito do Conselho Federal dos <br \/>Representantes Comerciais, no uso de suas atribui\u00e7\u00f5es legais e regimentais, e disp\u00f5e sobre suas atribui\u00e7\u00f5es.<\/p>\n<p><a href=\"https:\/\/www.confere.org.br\/wordpress\/wp-content\/uploads\/2024\/01\/PORTARIA_137_2023.pdf\">https:\/\/www.confere.org.br\/wordpress\/wp-content\/uploads\/2024\/01\/PORTARIA_137_2023.pdf<\/a><\/p>\n\n\n","protected":false},"excerpt":{"rendered":"<p>137, Portaria, https:\/\/www.confere.org.br\/wordpress\/wp-content\/uploads\/2024\/01\/PORTARIA_137_2023.pdf<\/p>\n","protected":false},"author":3,"featured_media":0,"comment_status":"closed","ping_status":"closed","sticky":false,"template":"","format":"standard","meta":[],"categories":[52],"tags":[],"_links":{"self":[{"href":"https:\/\/www.confere.org.br\/wordpress\/wp-json\/wp\/v2\/posts\/12719"}],"collection":[{"href":"https:\/\/www.confere.org.br\/wordpress\/wp-json\/wp\/v2\/posts"}],"about":[{"href":"https:\/\/www.confere.org.br\/wordpress\/wp-json\/wp\/v2\/types\/post"}],"author":[{"embeddable":true,"href":"https:\/\/www.confere.org.br\/wordpress\/wp-json\/wp\/v2\/users\/3"}],"replies":[{"embeddable":true,"href":"https:\/\/www.confere.org.br\/wordpress\/wp-json\/wp\/v2\/comments?post=12719"}],"version-history":[{"count":1,"href":"https:\/\/www.confere.org.br\/wordpress\/wp-json\/wp\/v2\/posts\/12719\/revisions"}],"predecessor-version":[{"id":12720,"href":"https:\/\/www.confere.org.br\/wordpress\/wp-json\/wp\/v2\/posts\/12719\/revisions\/12720"}],"wp:attachment":[{"href":"https:\/\/www.confere.org.br\/wordpress\/wp-json\/wp\/v2\/media?parent=12719"}],"wp:term":[{"taxonomy":"category","embeddable":true,"href":"https:\/\/www.confere.org.br\/wordpress\/wp-json\/wp\/v2\/categories?post=12719"},{"taxonomy":"post_tag","embeddable":true,"href":"https:\/\/www.confere.org.br\/wordpress\/wp-json\/wp\/v2\/tags?post=12719"}],"curies":[{"name":"wp","href":"https:\/\/api.w.org\/{rel}","templated":true}]}}